{"id":108112,"date":"2024-05-03T20:04:45","date_gmt":"2024-05-03T23:04:45","guid":{"rendered":"https:\/\/blogdoedvaldomagalhaes.com.br\/?p=108112"},"modified":"2024-05-03T20:29:10","modified_gmt":"2024-05-03T23:29:10","slug":"sindacsepe-agreste-realiza-assembleia-extraordinaria-com-agentes-comunitarios-de-saude-e-agentes-de-combate-as-endemias-de-caruaru","status":"publish","type":"post","link":"https:\/\/blogdoedvaldomagalhaes.com.br\/index.php\/2024\/05\/03\/sindacsepe-agreste-realiza-assembleia-extraordinaria-com-agentes-comunitarios-de-saude-e-agentes-de-combate-as-endemias-de-caruaru\/","title":{"rendered":"SINDACSEPE AGRESTE realiza Assembleia Extraordin\u00e1ria com Agentes Comunit\u00e1rios de Sa\u00fade e Agentes de Combate \u00e0s Endemias de Caruaru"},"content":{"rendered":"<p>O SINDACSEPE AGRESTE realiza Assembleia Extraordin\u00e1ria com os Agentes Comunit\u00e1rios de Sa\u00fade (ACSs) e Agentes de Combate \u00e0s Endemias (ACEs) de Caruaru e lota o Teatro Difusora.<\/p>\n<p>Na manh\u00e3 de hoje dia 03 de maio do corrente ano, aconteceu no Teatro Difusora, uma reuni\u00e3o extraordin\u00e1ria com mais de 400 ACSs e ACEs filiados ao referido sindicato, a fim de tratar de direitos das referidas categorias. <\/p>\n<p>A Assembleia Extraordin\u00e1ria, iniciou com um singelo Coffee Break e claro, o reencontro dos amigos (as) ACSs e ACEs da cidade e da Zona Rural. <\/p>\n<p>\u201cAs nossas reuni\u00f5es s\u00e3o repletas de encontros e aprendizados por isso, n\u00e3o perco uma\u201d \u2013 Disse a ACS Santina. <\/p>\n<p>O Presidente Fl\u00e1vio Rosendo, abriu a Assembleia dando boas vindas a todos e todas e solicitou que a ACS e Diretora financeira Marilene realizasse uma ora\u00e7\u00e3o, para que fosse iniciada a Assembleia.<\/p>\n<p>Em seguida, o presidente, fez uma breve explana\u00e7\u00e3o sobre os \u00faltimos acontecimentos, conquistas e desafios em Bras\u00edlia, em destaque: Aposentadoria Especial, PEC 18\/2022 (que cria piso salarial diferenciado para os ACSs e ACEs que tenham forma\u00e7\u00e3o t\u00e9cnica), entre outros assuntos, disse ainda, que no III Caf\u00e9 Junino do SINDACSEPE, que ocorrer\u00e1 em junho ter\u00edamos mais detalhes pela Presidente da CONACS Ilda Ang\u00e9lica.<\/p>\n<p>A explana\u00e7\u00e3o sobre os direitos da categoria ficou por conta da Assessoria Jur\u00eddica do SINDACSEPE-Agreste.<\/p>\n<p>O Diretor Jur\u00eddico e Agente de Endemias, Dr. Anderson Carvalho abordou a import\u00e2ncia dos colegas ACEs e ACSs, aprenderem com clareza e transpar\u00eancia sobre os seus direitos.<\/p>\n<p>Dr. Jean Moura, por sua vez acompanhado do Advogado Dr. Wilson Lopes e da estagi\u00e1ria Laura Domingos do escrit\u00f3rio Moura e Galindo, realizou uma verdadeira aula de Direito de uma forma clara e objetiva para todos e todas presentes.<\/p>\n<p>Dr. Anderson Carvalho, a pedido do ACE \u201cJeep\u201d solicitou ora\u00e7\u00f5es aos familiares e amigos de seu sobrinho Drayvson Matias, o qual faleceu aos 23 anos de idade precocemente, no \u00faltimo dia 1\u00ba\/05\/2024.<\/p>\n<p>O Presidente Fl\u00e1vio Rosendo finalizou a Assembleia agradecendo a todos ACSs e ACEs presentes e realizou um apelo \u00e0s autoridades e gestores (as) de Caruaru-PE para que valorizassem os Agentes Comunit\u00e1rios de Sa\u00fade e Agentes de Combate \u00e0s Endemias, servidores que trabalham incansavelmente pela sa\u00fade dos caruaruenses.<\/p>\n<p>SINDACSEPE AGRESTE o verdadeiro representante da categoria.<\/p>\n<p>L\u00facio Fl\u00e1vio Rosendo da Silva<br \/>\nPresidente do SINDACSEPE<br \/>\nFoto: Divulga\u00e7\u00e3o<br \/>\nSeja seguidor do Instagram do Blog @blogdoedvaldomagalhaes<\/p>\n","protected":false},"excerpt":{"rendered":"<p>O SINDACSEPE AGRESTE realiza Assembleia Extraordin\u00e1ria com os Agentes Comunit\u00e1rios de Sa\u00fade (ACSs) e Agentes de Combate \u00e0s Endemias (ACEs)&hellip;<\/p>\n","protected":false},"author":1,"featured_media":108115,"comment_status":"closed","ping_status":"open","sticky":false,"template":"","format":"standard","meta":{"footnotes":""},"categories":[14120],"tags":[30253,29440,2,28801,6,30417],"class_list":["post-108112","post","type-post","status-publish","format-standard","has-post-thumbnail","hentry","category-noticias","tag-blog-caruaru","tag-blog-com-mais-visualizacao","tag-blog-do-edvaldo-magalhaes","tag-blog-mais-acessado","tag-noticias","tag-sindacsepe-agreste-realiza-assembleia-extraordinaria-com-agentes-comunitarios-de-saude-e-agentes-de-combate-as-endemias-de-caruaru"],"_links":{"self":[{"href":"https:\/\/blogdoedvaldomagalhaes.com.br\/index.php\/wp-json\/wp\/v2\/posts\/108112","targetHints":{"allow":["GET"]}}],"collection":[{"href":"https:\/\/blogdoedvaldomagalhaes.com.br\/index.php\/wp-json\/wp\/v2\/posts"}],"about":[{"href":"https:\/\/blogdoedvaldomagalhaes.com.br\/index.php\/wp-json\/wp\/v2\/types\/post"}],"author":[{"embeddable":true,"href":"https:\/\/blogdoedvaldomagalhaes.com.br\/index.php\/wp-json\/wp\/v2\/users\/1"}],"replies":[{"embeddable":true,"href":"https:\/\/blogdoedvaldomagalhaes.com.br\/index.php\/wp-json\/wp\/v2\/comments?post=108112"}],"version-history":[{"count":1,"href":"https:\/\/blogdoedvaldomagalhaes.com.br\/index.php\/wp-json\/wp\/v2\/posts\/108112\/revisions"}],"predecessor-version":[{"id":108114,"href":"https:\/\/blogdoedvaldomagalhaes.com.br\/index.php\/wp-json\/wp\/v2\/posts\/108112\/revisions\/108114"}],"wp:featuredmedia":[{"embeddable":true,"href":"https:\/\/blogdoedvaldomagalhaes.com.br\/index.php\/wp-json\/wp\/v2\/media\/108115"}],"wp:attachment":[{"href":"https:\/\/blogdoedvaldomagalhaes.com.br\/index.php\/wp-json\/wp\/v2\/media?parent=108112"}],"wp:term":[{"taxonomy":"category","embeddable":true,"href":"https:\/\/blogdoedvaldomagalhaes.com.br\/index.php\/wp-json\/wp\/v2\/categories?post=108112"},{"taxonomy":"post_tag","embeddable":true,"href":"https:\/\/blogdoedvaldomagalhaes.com.br\/index.php\/wp-json\/wp\/v2\/tags?post=108112"}],"curies":[{"name":"wp","href":"https:\/\/api.w.org\/{rel}","templated":true}]}}