{"id":108109,"date":"2024-05-03T19:47:31","date_gmt":"2024-05-03T22:47:31","guid":{"rendered":"https:\/\/blogdoedvaldomagalhaes.com.br\/?p=108109"},"modified":"2024-05-03T19:47:32","modified_gmt":"2024-05-03T22:47:32","slug":"com-visitas-a-paulista-e-abreu-e-lima-psdb-da-inicio-a-rodada-de-encontros-aos-pre-candidatos-do-partido-em-pernambuco","status":"publish","type":"post","link":"https:\/\/blogdoedvaldomagalhaes.com.br\/index.php\/2024\/05\/03\/com-visitas-a-paulista-e-abreu-e-lima-psdb-da-inicio-a-rodada-de-encontros-aos-pre-candidatos-do-partido-em-pernambuco\/","title":{"rendered":"Com visitas a Paulista e Abreu e Lima, PSDB d\u00e1 in\u00edcio a rodada de encontros aos pr\u00e9-candidatos do partido em Pernambuco"},"content":{"rendered":"<p>Nesta sexta-feira (03), o presidente do PSDB em Pernambuco, Fred Loyo, deu in\u00edcio a um giro por Pernambuco com o intuito de dialogar com os pr\u00e9-candidatos do partido, espalhados por todas as regi\u00f5es do estado. <\/p>\n<p>Nos dois encontros, Loyo fez quest\u00e3o de pontuar a\u00e7\u00f5es fundamentais do governo para o Norte da Regi\u00e3o Metropolitana e Pernambuco como um todo, reafirmando que os pr\u00e9-candidatos e prefeitos de mandato do partido devem buscar di\u00e1logo e uma gest\u00e3o de aproxima\u00e7\u00e3o entre Estado e munic\u00edpios. <\/p>\n<p>\u201cEsse giro que estamos fazendo \u00e9 um passo importante para refor\u00e7ar o posicionamento do partido de deixar claro que o di\u00e1logo com os munic\u00edpios \u00e9 muito importante para a constru\u00e7\u00e3o de um projeto de governo ainda mais eficaz para toda a popula\u00e7\u00e3o\u201d, destacou. <\/p>\n<p>O presidente tucano destacou a import\u00e2ncia de programas de assist\u00eancia social como o M\u00e3es de Pernambuco, o Morar Bem e as cozinhas comunit\u00e1rias, obras fundamentais como a requalifica\u00e7\u00e3o da PE-15 e incentivos do estado \u00e0 popula\u00e7\u00e3o pernambucana, a exemplo da redu\u00e7\u00e3o do IPVA e a tarifa \u00fanica dos transportes operados pelo Grande Recife Cons\u00f3rcio. <\/p>\n<p>Come\u00e7ando por Paulista, Loyo tratou com o ex-deputado e pr\u00e9-candidato tucano no munic\u00edpio, Ramos, estrat\u00e9gias para o cen\u00e1rio pol\u00edtico local. <\/p>\n<p>Para Ramos, a visita representou um primeiro passo na constru\u00e7\u00e3o de estrat\u00e9gias concretas para buscar um bom desempenho nas elei\u00e7\u00f5es.<\/p>\n<p>\u201cTemos sentido nas ruas que a popula\u00e7\u00e3o quer nos dar uma chance que nunca tivemos. Defendo fielmente a gest\u00e3o que est\u00e1 sendo feita pela nossa governadora e tenho ci\u00eancia de que trabalhando juntos faremos uma cidade de Paulista melhor para todos\u201d, afirmou o pr\u00e9-candidato. <\/p>\n<p>Estiveram presentes no encontro Felipe do Veneza, que preside o PSD em Paulista, Aldemir, que \u00e9 presidente do PSDB no munic\u00edpio, al\u00e9m do pr\u00e9-candidato a vereador Agrailson de Ramos, e dos coordenadores Jaime Domingos e Alexandre Ara\u00fajo. <\/p>\n<p>Mais tarde, a comitiva do PSDB, acompanhada pelo secret\u00e1rio-geral do partido, Rubens J\u00fanior, fez uma visita \u00e0 sede do partido em Abreu e Lima para conversar com o pr\u00e9-candidato a prefeito no munic\u00edpio, Dr. Marquinhos, que apresentou alguns dos pr\u00e9-candidatos a vereador pelo time tucano e por partidos da base aliada.<\/p>\n<p>\u201cConseguimos montar uma grande frente, com 6 partidos, a mesma quantidade que tem o atual prefeito, mas com uma diferen\u00e7a: n\u00f3s temos contato com o povo. Abreu e Lima n\u00e3o \u00e9 uma ilha separada do estado, e precisamos levar as nossas pautas priorit\u00e1rias para a governadora. Ter de volta o funcionamento da maternidade, que tem capacidade para operar com recursos pr\u00f3prios do munic\u00edpio, melhorar a distribui\u00e7\u00e3o de \u00e1gua. Ent\u00e3o vamos em frente para fazer uma bela disputa e tornar os anseios da nossa popula\u00e7\u00e3o numa realidade\u201d, discursou Dr. Marquinhos. Foto: Divulga\u00e7\u00e3o.<br \/>\nSeja seguidor do Instagram do Blog @blogdoedvaldomagalhaes<\/p>\n","protected":false},"excerpt":{"rendered":"<p>Nesta sexta-feira (03), o presidente do PSDB em Pernambuco, Fred Loyo, deu in\u00edcio a um giro por Pernambuco com o&hellip;<\/p>\n","protected":false},"author":1,"featured_media":108110,"comment_status":"closed","ping_status":"open","sticky":false,"template":"","format":"standard","meta":{"footnotes":""},"categories":[14122],"tags":[29440,27410,2,28801,30415,20,30416],"class_list":["post-108109","post","type-post","status-publish","format-standard","has-post-thumbnail","hentry","category-politica","tag-blog-com-mais-visualizacao","tag-blog-de-caruaru","tag-blog-do-edvaldo-magalhaes","tag-blog-mais-acessado","tag-com-visitas-a-paulista-e-abreu-e-lima","tag-politica","tag-psdb-da-inicio-a-rodada-de-encontros-aos-pre-candidatos-do-partido-em-pernambuco"],"_links":{"self":[{"href":"https:\/\/blogdoedvaldomagalhaes.com.br\/index.php\/wp-json\/wp\/v2\/posts\/108109","targetHints":{"allow":["GET"]}}],"collection":[{"href":"https:\/\/blogdoedvaldomagalhaes.com.br\/index.php\/wp-json\/wp\/v2\/posts"}],"about":[{"href":"https:\/\/blogdoedvaldomagalhaes.com.br\/index.php\/wp-json\/wp\/v2\/types\/post"}],"author":[{"embeddable":true,"href":"https:\/\/blogdoedvaldomagalhaes.com.br\/index.php\/wp-json\/wp\/v2\/users\/1"}],"replies":[{"embeddable":true,"href":"https:\/\/blogdoedvaldomagalhaes.com.br\/index.php\/wp-json\/wp\/v2\/comments?post=108109"}],"version-history":[{"count":1,"href":"https:\/\/blogdoedvaldomagalhaes.com.br\/index.php\/wp-json\/wp\/v2\/posts\/108109\/revisions"}],"predecessor-version":[{"id":108111,"href":"https:\/\/blogdoedvaldomagalhaes.com.br\/index.php\/wp-json\/wp\/v2\/posts\/108109\/revisions\/108111"}],"wp:featuredmedia":[{"embeddable":true,"href":"https:\/\/blogdoedvaldomagalhaes.com.br\/index.php\/wp-json\/wp\/v2\/media\/108110"}],"wp:attachment":[{"href":"https:\/\/blogdoedvaldomagalhaes.com.br\/index.php\/wp-json\/wp\/v2\/media?parent=108109"}],"wp:term":[{"taxonomy":"category","embeddable":true,"href":"https:\/\/blogdoedvaldomagalhaes.com.br\/index.php\/wp-json\/wp\/v2\/categories?post=108109"},{"taxonomy":"post_tag","embeddable":true,"href":"https:\/\/blogdoedvaldomagalhaes.com.br\/index.php\/wp-json\/wp\/v2\/tags?post=108109"}],"curies":[{"name":"wp","href":"https:\/\/api.w.org\/{rel}","templated":true}]}}