{"id":108099,"date":"2024-05-03T18:25:04","date_gmt":"2024-05-03T21:25:04","guid":{"rendered":"https:\/\/blogdoedvaldomagalhaes.com.br\/?p=108099"},"modified":"2024-05-03T19:57:28","modified_gmt":"2024-05-03T22:57:28","slug":"prefeitura-de-caruaru-lanca-academia-de-projetos-para-capacitacao-dos-servidores-e-inovacao-na-gestao","status":"publish","type":"post","link":"https:\/\/blogdoedvaldomagalhaes.com.br\/index.php\/2024\/05\/03\/prefeitura-de-caruaru-lanca-academia-de-projetos-para-capacitacao-dos-servidores-e-inovacao-na-gestao\/","title":{"rendered":"Prefeitura de Caruaru lan\u00e7a Academia de Projetos para capacita\u00e7\u00e3o dos servidores e inova\u00e7\u00e3o na gest\u00e3o"},"content":{"rendered":"<p>Caruaru d\u00e1 um passo significativo rumo \u00e0 excel\u00eancia na gest\u00e3o p\u00fablica. Na \u00faltima quinta-feira (02), foi lan\u00e7ada a Academia de Projetos, uma iniciativa pioneira da Prefeitura de Caruaru, por meio da Secretaria de Planejamento, Or\u00e7amento e Gest\u00e3o (Seplag). As aulas s\u00e3o realizadas pela Escola de Governo, vinculada \u00e0 Secretaria de Administra\u00e7\u00e3o (SAD). <\/p>\n<p>Este espa\u00e7o \u00e9 dedicado \u00e0 capacita\u00e7\u00e3o e desenvolvimento dos servidores municipais, em t\u00e9cnicas avan\u00e7adas de gest\u00e3o de projetos, visando aprimorar a entrega de servi\u00e7os p\u00fablicos \u00e0 popula\u00e7\u00e3o. Seguindo at\u00e9 o m\u00eas de outubro, cada aula ser\u00e1 abordado um m\u00f3dulo, aprofundando os conceitos de gerenciamentos de projetos<\/p>\n<p>Atrav\u00e9s da Academia de Projetos, os servidores municipais t\u00eam a oportunidade de aprender as melhores pr\u00e1ticas de gerenciamento de projetos, bem como de participar de projetos pilotos que visam aprimorar os servi\u00e7os oferecidos \u00e0 popula\u00e7\u00e3o. Essa abordagem n\u00e3o apenas capacita os servidores, como tamb\u00e9m promove uma cultura de inova\u00e7\u00e3o e melhoria cont\u00ednua dentro da administra\u00e7\u00e3o p\u00fablica.<\/p>\n<p>Ao adotar a metodologia do Project Management Institute (PMI) para o gerenciamento de projetos p\u00fablicos, a Prefeitura de Caruaru demonstra sua disposi\u00e7\u00e3o de buscar as melhores pr\u00e1ticas internacionais para garantir o sucesso de suas iniciativas. Esta abordagem inovadora promete trazer benef\u00edcios tang\u00edveis para todos os cidad\u00e3os, consolidando a cidade como um exemplo de excel\u00eancia na gest\u00e3o p\u00fablica municipal.<\/p>\n<p>O prefeito Rodrigo Pinheiro destacou a import\u00e2ncia dessa iniciativa: &#8220;Investir na capacita\u00e7\u00e3o dos nossos servidores \u00e9 fundamental para o avan\u00e7o da gest\u00e3o p\u00fablica em Caruaru. A Academia de Projetos representa um compromisso claro com a excel\u00eancia e a inova\u00e7\u00e3o na administra\u00e7\u00e3o municipal&#8221;, enfatizou. Foto: Felipe Correia<br \/>\nSeja seguidor do Instagram do Blog @blogdoedvaldomagalhaes<\/p>\n","protected":false},"excerpt":{"rendered":"<p>Caruaru d\u00e1 um passo significativo rumo \u00e0 excel\u00eancia na gest\u00e3o p\u00fablica. Na \u00faltima quinta-feira (02), foi lan\u00e7ada a Academia de&hellip;<\/p>\n","protected":false},"author":1,"featured_media":108100,"comment_status":"closed","ping_status":"open","sticky":false,"template":"","format":"standard","meta":{"footnotes":""},"categories":[14122],"tags":[30253,29440,2,28801,30412],"class_list":["post-108099","post","type-post","status-publish","format-standard","has-post-thumbnail","hentry","category-politica","tag-blog-caruaru","tag-blog-com-mais-visualizacao","tag-blog-do-edvaldo-magalhaes","tag-blog-mais-acessado","tag-prefeitura-de-caruaru-lanca-academia-de-projetos-para-capacitacao-dos-servidores-e-inovacao-na-gestao"],"_links":{"self":[{"href":"https:\/\/blogdoedvaldomagalhaes.com.br\/index.php\/wp-json\/wp\/v2\/posts\/108099","targetHints":{"allow":["GET"]}}],"collection":[{"href":"https:\/\/blogdoedvaldomagalhaes.com.br\/index.php\/wp-json\/wp\/v2\/posts"}],"about":[{"href":"https:\/\/blogdoedvaldomagalhaes.com.br\/index.php\/wp-json\/wp\/v2\/types\/post"}],"author":[{"embeddable":true,"href":"https:\/\/blogdoedvaldomagalhaes.com.br\/index.php\/wp-json\/wp\/v2\/users\/1"}],"replies":[{"embeddable":true,"href":"https:\/\/blogdoedvaldomagalhaes.com.br\/index.php\/wp-json\/wp\/v2\/comments?post=108099"}],"version-history":[{"count":1,"href":"https:\/\/blogdoedvaldomagalhaes.com.br\/index.php\/wp-json\/wp\/v2\/posts\/108099\/revisions"}],"predecessor-version":[{"id":108101,"href":"https:\/\/blogdoedvaldomagalhaes.com.br\/index.php\/wp-json\/wp\/v2\/posts\/108099\/revisions\/108101"}],"wp:featuredmedia":[{"embeddable":true,"href":"https:\/\/blogdoedvaldomagalhaes.com.br\/index.php\/wp-json\/wp\/v2\/media\/108100"}],"wp:attachment":[{"href":"https:\/\/blogdoedvaldomagalhaes.com.br\/index.php\/wp-json\/wp\/v2\/media?parent=108099"}],"wp:term":[{"taxonomy":"category","embeddable":true,"href":"https:\/\/blogdoedvaldomagalhaes.com.br\/index.php\/wp-json\/wp\/v2\/categories?post=108099"},{"taxonomy":"post_tag","embeddable":true,"href":"https:\/\/blogdoedvaldomagalhaes.com.br\/index.php\/wp-json\/wp\/v2\/tags?post=108099"}],"curies":[{"name":"wp","href":"https:\/\/api.w.org\/{rel}","templated":true}]}}