{"id":108096,"date":"2024-05-03T12:56:33","date_gmt":"2024-05-03T15:56:33","guid":{"rendered":"https:\/\/blogdoedvaldomagalhaes.com.br\/?p=108096"},"modified":"2024-05-03T12:56:37","modified_gmt":"2024-05-03T15:56:37","slug":"saude-nas-feiras-realiza-vacinacao-da-influenza-na-feira-do-bairro-boa-vista-neste-sabado-04","status":"publish","type":"post","link":"https:\/\/blogdoedvaldomagalhaes.com.br\/index.php\/2024\/05\/03\/saude-nas-feiras-realiza-vacinacao-da-influenza-na-feira-do-bairro-boa-vista-neste-sabado-04\/","title":{"rendered":"Sa\u00fade nas Feiras realiza vacina\u00e7\u00e3o da Influenza na Feira do bairro Boa Vista neste s\u00e1bado (04)"},"content":{"rendered":"<p>A Secretaria Municipal de Sa\u00fade de Caruaru (SMS), em parceria com a Secretaria de Servi\u00e7os P\u00fablicos (Sesp), levar\u00e1 a vacina\u00e7\u00e3o da Influenza para a Feira da Boa Vista, neste s\u00e1bado (04). A a\u00e7\u00e3o faz parte da Campanha Nacional de Vacina\u00e7\u00e3o contra o v\u00edrus Influenza no munic\u00edpio e ser\u00e1 realizada neste dia, por meio do projeto Sa\u00fade nas Feiras, das 08h \u00e0s 11h. A equipe de vacinadores estar\u00e1 no port\u00e3o principal, bem na entrada da feira. Como a vacina\u00e7\u00e3o foi ampliada para toda a popula\u00e7\u00e3o, acima de seis meses de idade, para receber o imunizante, basta comparecer ao local portando a Caderneta de Vacina\u00e7\u00e3o e o CPF ou o Cart\u00e3o do SUS. <\/p>\n<p>A campanha segue tamb\u00e9m para os grupos priorit\u00e1rios, que s\u00e3o: crian\u00e7as de seis meses a cinco anos, onze meses e 29 dias de idade; gestantes, pu\u00e9rperas (at\u00e9 45 dias ap\u00f3s o parto); idosos a partir de 60 anos; trabalhadores da Sa\u00fade; professores; pacientes com comorbidades; pessoas com defici\u00eancia permanente; profissionais das for\u00e7as armadas, de seguran\u00e7a e salvamento; caminhoneiros; trabalhadores de transporte coletivo; popula\u00e7\u00e3o privada de liberdade; funcion\u00e1rios do sistema de priva\u00e7\u00e3o de liberdade; jovens de 12 a 21 anos em medidas socioeducativas.<\/p>\n<p>A vacina contra Influenza \u00e9 produzida a partir do v\u00edrus inativado e protege contra tr\u00eas tipos de cepas da doen\u00e7a: H1N1,H3N2 e a linhagem \u201cB\u201d Victoria.<\/p>\n<p>*Servi\u00e7o:*<\/p>\n<p>A\u00e7\u00e3o do Sa\u00fade nas Feiras com vacina\u00e7\u00e3o da Influenza na Feira da Boa Vista<br \/>\n. Dia: 04.05.2024 (s\u00e1bado)<br \/>\n. Hora: 08h \u00e0s 11h<br \/>\n. Local: Entrada da Feira do Boa Vista (port\u00e3o principal)<br \/>\n. P\u00fablico-alvo: Pessoas acima de seis meses de idade.<br \/>\nFoto: Felipe Correia\/Secom\/PMC<br \/>\nSeja seguidor do Instagram do Blog @blogdoedvaldomagalhaes<\/p>\n","protected":false},"excerpt":{"rendered":"<p>A Secretaria Municipal de Sa\u00fade de Caruaru (SMS), em parceria com a Secretaria de Servi\u00e7os P\u00fablicos (Sesp), levar\u00e1 a vacina\u00e7\u00e3o&hellip;<\/p>\n","protected":false},"author":1,"featured_media":108097,"comment_status":"closed","ping_status":"open","sticky":false,"template":"","format":"standard","meta":{"footnotes":""},"categories":[14120],"tags":[29440,27410,2,28801,30411],"class_list":["post-108096","post","type-post","status-publish","format-standard","has-post-thumbnail","hentry","category-noticias","tag-blog-com-mais-visualizacao","tag-blog-de-caruaru","tag-blog-do-edvaldo-magalhaes","tag-blog-mais-acessado","tag-saude-nas-feiras-realiza-vacinacao-da-influenza-na-feira-da-boa-vista-neste-sabado-04"],"_links":{"self":[{"href":"https:\/\/blogdoedvaldomagalhaes.com.br\/index.php\/wp-json\/wp\/v2\/posts\/108096","targetHints":{"allow":["GET"]}}],"collection":[{"href":"https:\/\/blogdoedvaldomagalhaes.com.br\/index.php\/wp-json\/wp\/v2\/posts"}],"about":[{"href":"https:\/\/blogdoedvaldomagalhaes.com.br\/index.php\/wp-json\/wp\/v2\/types\/post"}],"author":[{"embeddable":true,"href":"https:\/\/blogdoedvaldomagalhaes.com.br\/index.php\/wp-json\/wp\/v2\/users\/1"}],"replies":[{"embeddable":true,"href":"https:\/\/blogdoedvaldomagalhaes.com.br\/index.php\/wp-json\/wp\/v2\/comments?post=108096"}],"version-history":[{"count":1,"href":"https:\/\/blogdoedvaldomagalhaes.com.br\/index.php\/wp-json\/wp\/v2\/posts\/108096\/revisions"}],"predecessor-version":[{"id":108098,"href":"https:\/\/blogdoedvaldomagalhaes.com.br\/index.php\/wp-json\/wp\/v2\/posts\/108096\/revisions\/108098"}],"wp:featuredmedia":[{"embeddable":true,"href":"https:\/\/blogdoedvaldomagalhaes.com.br\/index.php\/wp-json\/wp\/v2\/media\/108097"}],"wp:attachment":[{"href":"https:\/\/blogdoedvaldomagalhaes.com.br\/index.php\/wp-json\/wp\/v2\/media?parent=108096"}],"wp:term":[{"taxonomy":"category","embeddable":true,"href":"https:\/\/blogdoedvaldomagalhaes.com.br\/index.php\/wp-json\/wp\/v2\/categories?post=108096"},{"taxonomy":"post_tag","embeddable":true,"href":"https:\/\/blogdoedvaldomagalhaes.com.br\/index.php\/wp-json\/wp\/v2\/tags?post=108096"}],"curies":[{"name":"wp","href":"https:\/\/api.w.org\/{rel}","templated":true}]}}