{"id":108055,"date":"2024-05-02T18:13:20","date_gmt":"2024-05-02T21:13:20","guid":{"rendered":"https:\/\/blogdoedvaldomagalhaes.com.br\/?p=108055"},"modified":"2024-05-02T18:13:21","modified_gmt":"2024-05-02T21:13:21","slug":"pernambuco-e-reconhecido-como-estado-livre-de-aftosa-sem-vacinacao","status":"publish","type":"post","link":"https:\/\/blogdoedvaldomagalhaes.com.br\/index.php\/2024\/05\/02\/pernambuco-e-reconhecido-como-estado-livre-de-aftosa-sem-vacinacao\/","title":{"rendered":"Pernambuco \u00e9 reconhecido como estado livre de aftosa sem vacina\u00e7\u00e3o"},"content":{"rendered":"<p>_Portaria publicada no Di\u00e1rio Oficial da Uni\u00e3o desta quinta-feira (2) estabeleceu que 22 estados ficam com o mesmo status sanit\u00e1rio com rela\u00e7\u00e3o \u00e0 febre aftosa no pa\u00eds_<\/p>\n<p>Uma portaria do Minist\u00e9rio da Agricultura e Pecu\u00e1ria, publicada nesta quinta-feira no Di\u00e1rio Oficial da Uni\u00e3o, reconheceu nacionalmente Pernambuco e outras 21 unidades da federa\u00e7\u00e3o como \u00e1reas livres de febre aftosa sem a necessidade de vacina\u00e7\u00e3o. A medida assinada pelo ministro da pasta, Carlos F\u00e1varo, atualizou a Portaria 665\/24, reconhecendo Alagoas, Amap\u00e1, Amazonas, Bahia, Cear\u00e1, Esp\u00edrito Santo, Goi\u00e1s, Maranh\u00e3o, Mato Grosso, Mato Grosso do Sul, Minas Gerais, Par\u00e1, Para\u00edba, Pernambuco, Piau\u00ed, Rio de Janeiro, Rio Grande do Norte, Roraima, S\u00e3o Paulo, Sergipe, Tocantins e o Distrito Federal, como estados livres de aftosa sem vacina\u00e7\u00e3o. <\/p>\n<p>A governadora Raquel Lyra destacou a import\u00e2ncia da mobiliza\u00e7\u00e3o junto com o setor agropecu\u00e1rio. &#8220;O Governo criou todas as condi\u00e7\u00f5es para garantir o Estado como \u00e1rea livre da febre aftosa sem vacina\u00e7\u00e3o. Antecipamos a campanha de vacina\u00e7\u00e3o e asseguramos as doses da vacina aos produtores, que tamb\u00e9m fizeram sua parte, fazendo da vacina\u00e7\u00e3o com que a vacina\u00e7\u00e3o em Pernambuco alcan\u00e7asse o resultado esperado&#8221;, afirmou.<\/p>\n<p>O secret\u00e1rio de Desenvolvimento Agr\u00e1rio, Agricultura, Pecu\u00e1ria e Pesca, C\u00edcero Moraes, comemorou o resultado da for\u00e7a-tarefa coordenada pelo Estado. &#8220;A medida impacta positivamente a economia e a pecu\u00e1ria de todo o Nordeste, pois permite a comercializa\u00e7\u00e3o e o tr\u00e2nsito de animais entre os estados livres sem vacina\u00e7\u00e3o, com reconhecimento nacional\u201d, disse.<\/p>\n<p> \u201cA decis\u00e3o tamb\u00e9m \u00e9 um reconhecimento dos esfor\u00e7os da Adagro, que contou com a participa\u00e7\u00e3o efetiva das suas equipes t\u00e9cnicas para a campanha de vacina\u00e7\u00e3o, al\u00e9m das a\u00e7\u00f5es constantes de defesa e vigil\u00e2ncia animal\u201d, completa a diretora presidente da Ag\u00eancia de Defesa e Fiscaliza\u00e7\u00e3o Agropecu\u00e1ria do Estado de Pernambuco \u2013 Adagro, Raquel Miranda.<\/p>\n<p>Al\u00e9m do reconhecimento nacional, a portaria pro\u00edbe o armazenamento, a comercializa\u00e7\u00e3o e o uso de vacinas contra a febre aftosa nesses 22 estados com mudan\u00e7a de status sanit\u00e1rio. Fica tamb\u00e9m proibido o ingresso e incorpora\u00e7\u00e3o de bovinos e bubalinos com reconhecimento nacional para estados, munic\u00edpios e parte de munic\u00edpios do pa\u00eds que comp\u00f5em as zonas reconhecidas internacionalmente pela Organiza\u00e7\u00e3o Mundial de Sa\u00fade Animal (OMSA).<\/p>\n<p>Com o reconhecimento do novo status sanit\u00e1rio, Pernambuco precisa continuar avan\u00e7ando com rela\u00e7\u00e3o ao cumprimento das metas estabelecidas pelo Plano Estrat\u00e9gico do Programa Nacional de Vigil\u00e2ncia para a Febre Aftosa (PE-PNEFA), atendendo \u00e0s recomenda\u00e7\u00f5es da auditora do Minist\u00e9rio da Agricultura e Pecu\u00e1ria, tendo como objetivo principal criar condi\u00e7\u00f5es para obten\u00e7\u00e3o da certifica\u00e7\u00e3o internacional de \u00e1rea livre da febre aftosa da OMSA. Foto: Divulga\u00e7\u00e3o<br \/>\nSeja seguidor do Instagram do Blog @blogdoedvaldomagalhaes<\/p>\n","protected":false},"excerpt":{"rendered":"<p>_Portaria publicada no Di\u00e1rio Oficial da Uni\u00e3o desta quinta-feira (2) estabeleceu que 22 estados ficam com o mesmo status sanit\u00e1rio&hellip;<\/p>\n","protected":false},"author":1,"featured_media":108056,"comment_status":"closed","ping_status":"open","sticky":false,"template":"","format":"standard","meta":{"footnotes":""},"categories":[14120],"tags":[29440,2,28801,3406,30399],"class_list":["post-108055","post","type-post","status-publish","format-standard","has-post-thumbnail","hentry","category-noticias","tag-blog-com-mais-visualizacao","tag-blog-do-edvaldo-magalhaes","tag-blog-mais-acessado","tag-caruaru","tag-pernambuco-e-reconhecido-como-estado-livre-de-aftosa-sem-vacinacao"],"_links":{"self":[{"href":"https:\/\/blogdoedvaldomagalhaes.com.br\/index.php\/wp-json\/wp\/v2\/posts\/108055","targetHints":{"allow":["GET"]}}],"collection":[{"href":"https:\/\/blogdoedvaldomagalhaes.com.br\/index.php\/wp-json\/wp\/v2\/posts"}],"about":[{"href":"https:\/\/blogdoedvaldomagalhaes.com.br\/index.php\/wp-json\/wp\/v2\/types\/post"}],"author":[{"embeddable":true,"href":"https:\/\/blogdoedvaldomagalhaes.com.br\/index.php\/wp-json\/wp\/v2\/users\/1"}],"replies":[{"embeddable":true,"href":"https:\/\/blogdoedvaldomagalhaes.com.br\/index.php\/wp-json\/wp\/v2\/comments?post=108055"}],"version-history":[{"count":1,"href":"https:\/\/blogdoedvaldomagalhaes.com.br\/index.php\/wp-json\/wp\/v2\/posts\/108055\/revisions"}],"predecessor-version":[{"id":108057,"href":"https:\/\/blogdoedvaldomagalhaes.com.br\/index.php\/wp-json\/wp\/v2\/posts\/108055\/revisions\/108057"}],"wp:featuredmedia":[{"embeddable":true,"href":"https:\/\/blogdoedvaldomagalhaes.com.br\/index.php\/wp-json\/wp\/v2\/media\/108056"}],"wp:attachment":[{"href":"https:\/\/blogdoedvaldomagalhaes.com.br\/index.php\/wp-json\/wp\/v2\/media?parent=108055"}],"wp:term":[{"taxonomy":"category","embeddable":true,"href":"https:\/\/blogdoedvaldomagalhaes.com.br\/index.php\/wp-json\/wp\/v2\/categories?post=108055"},{"taxonomy":"post_tag","embeddable":true,"href":"https:\/\/blogdoedvaldomagalhaes.com.br\/index.php\/wp-json\/wp\/v2\/tags?post=108055"}],"curies":[{"name":"wp","href":"https:\/\/api.w.org\/{rel}","templated":true}]}}