{"id":108052,"date":"2024-05-02T12:45:51","date_gmt":"2024-05-02T15:45:51","guid":{"rendered":"https:\/\/blogdoedvaldomagalhaes.com.br\/?p=108052"},"modified":"2024-05-02T12:45:52","modified_gmt":"2024-05-02T15:45:52","slug":"programacao-do-maior-e-melhor-sao-joao-do-mundo-tem-inicio-na-casa-rosa-nesta-sexta-feira-3","status":"publish","type":"post","link":"https:\/\/blogdoedvaldomagalhaes.com.br\/index.php\/2024\/05\/02\/programacao-do-maior-e-melhor-sao-joao-do-mundo-tem-inicio-na-casa-rosa-nesta-sexta-feira-3\/","title":{"rendered":"Programa\u00e7\u00e3o do Maior e Melhor S\u00e3o Jo\u00e3o do Mundo tem in\u00edcio na Casa Rosa nesta sexta-feira (3)"},"content":{"rendered":"<p>Come\u00e7a nesta sexta-feira (3) a programa\u00e7\u00e3o do Maior e Melhor S\u00e3o Jo\u00e3o do Mundo no Mercado Cultural Casa Rosa. As atra\u00e7\u00f5es do festejo junino ir\u00e3o se apresentar durante os meses de maio e junho, levando muito forr\u00f3 para o cora\u00e7\u00e3o da Feira de Caruaru. <\/p>\n<p>O Mercado Cultural Casa Rosa, al\u00e9m de ser um ponto de concentra\u00e7\u00e3o da cultura, disp\u00f5e de um ambiente amplo, com excelente estrutura f\u00edsica e espa\u00e7o infantil. Localizado no Parque 18 de Maio, o espa\u00e7o funciona das 11h \u00e0s 17h30.<\/p>\n<p>O Mercado conta atualmente com 12 estabelecimentos, com servi\u00e7os variados, como: cacha\u00e7aria, cozinha t\u00edpica, tapiocaria, boteco tradicional, petiscaria, al\u00e9m de espa\u00e7os multifuncionais.<\/p>\n<p>*Confira a programa\u00e7\u00e3o para este fim de semana:*<\/p>\n<p>_Sexta-feira (3)_<br \/>\n12h &#8211; Banda Regis<br \/>\n14h &#8211; Bruguelo Show e Matutos do Forr\u00f3<br \/>\n16h &#8211; Felipe Estilizado<\/p>\n<p>_S\u00e1bado (4)_<br \/>\n12h &#8211; Tayse Dias<br \/>\n14h &#8211; Andr\u00e9 Macambira<br \/>\n16h &#8211; Lucas Silva<\/p>\n<p>_Domingo (5)_<br \/>\n12h &#8211; Lucinha Torres<br \/>\n14h &#8211; Thayane Torres<br \/>\n16h &#8211; Thayze Rapunzel<br \/>\nFoto: Jorge Farias\/Secom\/PMC<br \/>\nSeja seguidor do Instagram do Blog @blogdoedvaldomagalhaes<\/p>\n","protected":false},"excerpt":{"rendered":"<p>Come\u00e7a nesta sexta-feira (3) a programa\u00e7\u00e3o do Maior e Melhor S\u00e3o Jo\u00e3o do Mundo no Mercado Cultural Casa Rosa. As&hellip;<\/p>\n","protected":false},"author":1,"featured_media":108053,"comment_status":"closed","ping_status":"open","sticky":false,"template":"","format":"standard","meta":{"footnotes":""},"categories":[14120],"tags":[29440,2,28801,3406,30398],"class_list":["post-108052","post","type-post","status-publish","format-standard","has-post-thumbnail","hentry","category-noticias","tag-blog-com-mais-visualizacao","tag-blog-do-edvaldo-magalhaes","tag-blog-mais-acessado","tag-caruaru","tag-programacao-do-maior-e-melhor-sao-joao-do-mundo-tem-inicio-na-casa-rosa-nesta-sexta-feira-3"],"_links":{"self":[{"href":"https:\/\/blogdoedvaldomagalhaes.com.br\/index.php\/wp-json\/wp\/v2\/posts\/108052","targetHints":{"allow":["GET"]}}],"collection":[{"href":"https:\/\/blogdoedvaldomagalhaes.com.br\/index.php\/wp-json\/wp\/v2\/posts"}],"about":[{"href":"https:\/\/blogdoedvaldomagalhaes.com.br\/index.php\/wp-json\/wp\/v2\/types\/post"}],"author":[{"embeddable":true,"href":"https:\/\/blogdoedvaldomagalhaes.com.br\/index.php\/wp-json\/wp\/v2\/users\/1"}],"replies":[{"embeddable":true,"href":"https:\/\/blogdoedvaldomagalhaes.com.br\/index.php\/wp-json\/wp\/v2\/comments?post=108052"}],"version-history":[{"count":1,"href":"https:\/\/blogdoedvaldomagalhaes.com.br\/index.php\/wp-json\/wp\/v2\/posts\/108052\/revisions"}],"predecessor-version":[{"id":108054,"href":"https:\/\/blogdoedvaldomagalhaes.com.br\/index.php\/wp-json\/wp\/v2\/posts\/108052\/revisions\/108054"}],"wp:featuredmedia":[{"embeddable":true,"href":"https:\/\/blogdoedvaldomagalhaes.com.br\/index.php\/wp-json\/wp\/v2\/media\/108053"}],"wp:attachment":[{"href":"https:\/\/blogdoedvaldomagalhaes.com.br\/index.php\/wp-json\/wp\/v2\/media?parent=108052"}],"wp:term":[{"taxonomy":"category","embeddable":true,"href":"https:\/\/blogdoedvaldomagalhaes.com.br\/index.php\/wp-json\/wp\/v2\/categories?post=108052"},{"taxonomy":"post_tag","embeddable":true,"href":"https:\/\/blogdoedvaldomagalhaes.com.br\/index.php\/wp-json\/wp\/v2\/tags?post=108052"}],"curies":[{"name":"wp","href":"https:\/\/api.w.org\/{rel}","templated":true}]}}