{"id":108049,"date":"2024-05-01T22:50:23","date_gmt":"2024-05-02T01:50:23","guid":{"rendered":"https:\/\/blogdoedvaldomagalhaes.com.br\/?p=108049"},"modified":"2024-05-01T22:50:24","modified_gmt":"2024-05-02T01:50:24","slug":"2-homicidio-em-caruaru-no-dia-do-trabalhador-homem-e-morto-a-tiros-e-mulher-e-atingida-por-bala-perdida","status":"publish","type":"post","link":"https:\/\/blogdoedvaldomagalhaes.com.br\/index.php\/2024\/05\/01\/2-homicidio-em-caruaru-no-dia-do-trabalhador-homem-e-morto-a-tiros-e-mulher-e-atingida-por-bala-perdida\/","title":{"rendered":"2\u00b0 homic\u00eddio em Caruaru no Dia do Trabalhador: Homem \u00e9 morto a tiros e mulher \u00e9 atingida por bala perdida"},"content":{"rendered":"<p>Um homic\u00eddio foi registrado na noite desta quarta-feira (01.05), na rua Ant\u00f4nio Menino, no bairro Centen\u00e1rio, em Caruaru. DAvid Anderson Augusto Barbosa da Silva, conhecido como \u201cJapa\u201d, 29 anos de idade, foi alvejado por disparos de arma de fogo tentou fugir, mas n\u00e3o resistiu aos ferimentos e morreu. Uma mulher que passava pelo local foi atingida por um dos tiros, sendo socorrida para o Hospital Regional do Agreste (HRA), e n\u00e3o corre risco de morrer.<\/p>\n<p>Este foi o 2\u00b0 homic\u00eddio no m\u00eas de maiok, e o 43\u00b0 no ano de 2024, em Caruaru.<br \/>\nSeja seguidor do Instagram do Blog @blogdoedvaldomagalhaes<\/p>\n","protected":false},"excerpt":{"rendered":"<p>Um homic\u00eddio foi registrado na noite desta quarta-feira (01.05), na rua Ant\u00f4nio Menino, no bairro Centen\u00e1rio, em Caruaru. DAvid Anderson&hellip;<\/p>\n","protected":false},"author":1,"featured_media":108044,"comment_status":"closed","ping_status":"open","sticky":false,"template":"","format":"standard","meta":{"footnotes":""},"categories":[14121],"tags":[30397,29440,27410,2,28801],"class_list":["post-108049","post","type-post","status-publish","format-standard","has-post-thumbnail","hentry","category-policial","tag-2-homicidio-em-caruaru-no-dia-do-trabalhador-homem-e-morto-a-tiros-e-mulher-e-atingida-por-bala-perdida","tag-blog-com-mais-visualizacao","tag-blog-de-caruaru","tag-blog-do-edvaldo-magalhaes","tag-blog-mais-acessado"],"_links":{"self":[{"href":"https:\/\/blogdoedvaldomagalhaes.com.br\/index.php\/wp-json\/wp\/v2\/posts\/108049","targetHints":{"allow":["GET"]}}],"collection":[{"href":"https:\/\/blogdoedvaldomagalhaes.com.br\/index.php\/wp-json\/wp\/v2\/posts"}],"about":[{"href":"https:\/\/blogdoedvaldomagalhaes.com.br\/index.php\/wp-json\/wp\/v2\/types\/post"}],"author":[{"embeddable":true,"href":"https:\/\/blogdoedvaldomagalhaes.com.br\/index.php\/wp-json\/wp\/v2\/users\/1"}],"replies":[{"embeddable":true,"href":"https:\/\/blogdoedvaldomagalhaes.com.br\/index.php\/wp-json\/wp\/v2\/comments?post=108049"}],"version-history":[{"count":1,"href":"https:\/\/blogdoedvaldomagalhaes.com.br\/index.php\/wp-json\/wp\/v2\/posts\/108049\/revisions"}],"predecessor-version":[{"id":108050,"href":"https:\/\/blogdoedvaldomagalhaes.com.br\/index.php\/wp-json\/wp\/v2\/posts\/108049\/revisions\/108050"}],"wp:featuredmedia":[{"embeddable":true,"href":"https:\/\/blogdoedvaldomagalhaes.com.br\/index.php\/wp-json\/wp\/v2\/media\/108044"}],"wp:attachment":[{"href":"https:\/\/blogdoedvaldomagalhaes.com.br\/index.php\/wp-json\/wp\/v2\/media?parent=108049"}],"wp:term":[{"taxonomy":"category","embeddable":true,"href":"https:\/\/blogdoedvaldomagalhaes.com.br\/index.php\/wp-json\/wp\/v2\/categories?post=108049"},{"taxonomy":"post_tag","embeddable":true,"href":"https:\/\/blogdoedvaldomagalhaes.com.br\/index.php\/wp-json\/wp\/v2\/tags?post=108049"}],"curies":[{"name":"wp","href":"https:\/\/api.w.org\/{rel}","templated":true}]}}