{"id":108040,"date":"2024-05-01T22:06:18","date_gmt":"2024-05-02T01:06:18","guid":{"rendered":"https:\/\/blogdoedvaldomagalhaes.com.br\/?p=108040"},"modified":"2024-05-01T22:36:35","modified_gmt":"2024-05-02T01:36:35","slug":"jovem-e-assassinado-a-tiros-na-zona-rural-de-caruaru-2","status":"publish","type":"post","link":"https:\/\/blogdoedvaldomagalhaes.com.br\/index.php\/2024\/05\/01\/jovem-e-assassinado-a-tiros-na-zona-rural-de-caruaru-2\/","title":{"rendered":"Jovem \u00e9 assassinado a tiros na zona rural de Caruaru"},"content":{"rendered":"<p>Um jovem foi assassinado no final da tarde desta quarta feira (01.05), no caminho do banho do para\u00edso, que fica na Vila Jacar\u00e9 de Gon\u00e7alves Ferreira, zona rural de Caruaru, Guilherme C\u00edcero da Silva, de 18 anos, morava na Vila Jacar\u00e9, foi morto a tiros.<\/p>\n<p>A motiva\u00e7\u00e3o e autoria do crime ainda s\u00e3o desconhecidas. A Pol\u00edcia Militar fez o isolamento da \u00e1rea at\u00e9 a chegada da equipe da delegacia de homic\u00eddios juntamente com IC. O corpo foi encaminhado para o IML. A Pol\u00edcia Civil iniciou as investiga\u00e7\u00f5es.<\/p>\n<p>Este foi o 1\u2022 homic\u00eddio no m\u00eas de maio, e o 42\u2022 no ano de 2024, em Caruaru. Foto: Reprodu\u00e7\u00e3o\/WhatsApp<\/p>\n<p>Seja seguidor do Instagram do Blog @blogdoedvaldomagalhaes<\/p>\n","protected":false},"excerpt":{"rendered":"<p>Um jovem foi assassinado no final da tarde desta quarta feira (01.05), no caminho do banho do para\u00edso, que fica&hellip;<\/p>\n","protected":false},"author":1,"featured_media":108041,"comment_status":"closed","ping_status":"open","sticky":false,"template":"","format":"standard","meta":{"footnotes":""},"categories":[14121],"tags":[29440,27410,2,28801,5448,375],"class_list":["post-108040","post","type-post","status-publish","format-standard","has-post-thumbnail","hentry","category-policial","tag-blog-com-mais-visualizacao","tag-blog-de-caruaru","tag-blog-do-edvaldo-magalhaes","tag-blog-mais-acessado","tag-homicidio","tag-jovem-e-assassinado-a-tiros-na-zona-rural-de-caruaru"],"_links":{"self":[{"href":"https:\/\/blogdoedvaldomagalhaes.com.br\/index.php\/wp-json\/wp\/v2\/posts\/108040","targetHints":{"allow":["GET"]}}],"collection":[{"href":"https:\/\/blogdoedvaldomagalhaes.com.br\/index.php\/wp-json\/wp\/v2\/posts"}],"about":[{"href":"https:\/\/blogdoedvaldomagalhaes.com.br\/index.php\/wp-json\/wp\/v2\/types\/post"}],"author":[{"embeddable":true,"href":"https:\/\/blogdoedvaldomagalhaes.com.br\/index.php\/wp-json\/wp\/v2\/users\/1"}],"replies":[{"embeddable":true,"href":"https:\/\/blogdoedvaldomagalhaes.com.br\/index.php\/wp-json\/wp\/v2\/comments?post=108040"}],"version-history":[{"count":2,"href":"https:\/\/blogdoedvaldomagalhaes.com.br\/index.php\/wp-json\/wp\/v2\/posts\/108040\/revisions"}],"predecessor-version":[{"id":108046,"href":"https:\/\/blogdoedvaldomagalhaes.com.br\/index.php\/wp-json\/wp\/v2\/posts\/108040\/revisions\/108046"}],"wp:featuredmedia":[{"embeddable":true,"href":"https:\/\/blogdoedvaldomagalhaes.com.br\/index.php\/wp-json\/wp\/v2\/media\/108041"}],"wp:attachment":[{"href":"https:\/\/blogdoedvaldomagalhaes.com.br\/index.php\/wp-json\/wp\/v2\/media?parent=108040"}],"wp:term":[{"taxonomy":"category","embeddable":true,"href":"https:\/\/blogdoedvaldomagalhaes.com.br\/index.php\/wp-json\/wp\/v2\/categories?post=108040"},{"taxonomy":"post_tag","embeddable":true,"href":"https:\/\/blogdoedvaldomagalhaes.com.br\/index.php\/wp-json\/wp\/v2\/tags?post=108040"}],"curies":[{"name":"wp","href":"https:\/\/api.w.org\/{rel}","templated":true}]}}