{"id":108037,"date":"2024-05-01T21:51:45","date_gmt":"2024-05-02T00:51:45","guid":{"rendered":"https:\/\/blogdoedvaldomagalhaes.com.br\/?p=108037"},"modified":"2024-05-01T21:51:46","modified_gmt":"2024-05-02T00:51:46","slug":"mudancas-no-transito-para-facilitar-acesso-e-circulacao-no-xique-xique","status":"publish","type":"post","link":"https:\/\/blogdoedvaldomagalhaes.com.br\/index.php\/2024\/05\/01\/mudancas-no-transito-para-facilitar-acesso-e-circulacao-no-xique-xique\/","title":{"rendered":"Mudan\u00e7as no tr\u00e2nsito para facilitar acesso e circula\u00e7\u00e3o no Xique-Xique"},"content":{"rendered":"<p>A Autarquia de Mobilidade, Tr\u00e2nsito e Transporte de Caruaru, anuncia altera\u00e7\u00f5es no acesso e nos sentidos da Estrada para o Xique-Xique. Visando aprimorar a mobilidade urbana e a seguran\u00e7a vi\u00e1ria na regi\u00e3o, as interven\u00e7\u00f5es entram em funcionamento a partir desta quinta-feira (02). <\/p>\n<p>A nova configura\u00e7\u00e3o vi\u00e1ria inclui a implementa\u00e7\u00e3o de sentido \u00fanico de circula\u00e7\u00e3o em duas vias distintas a partir do trecho entre as ruas Agripino Ab\u00edlio e rua Determina\u00e7\u00e3o, al\u00e9m da cria\u00e7\u00e3o de rotat\u00f3rias e invers\u00f5es de sentido, com o objetivo de reduzir engarrafamentos e conflitos entre ve\u00edculos, pedestres e ciclistas. <\/p>\n<p>Pensando na seguran\u00e7a para quem passa pela via diariamente, os condutores que se deslocam em dire\u00e7\u00e3o ao centro da cidade, a rota indicada \u00e9 pela rua Mestre Vitalino. J\u00e1 aqueles que seguem em dire\u00e7\u00e3o ao sub\u00farbio devem utilizar a Estrada para o Xique-Xique.<\/p>\n<p>A Autarquia refor\u00e7a a import\u00e2ncia da colabora\u00e7\u00e3o de todos os usu\u00e1rios das vias, solicitando que respeitem as sinaliza\u00e7\u00f5es implantadas, a fim de garantir a seguran\u00e7a e a fluidez no tr\u00e2nsito.<br \/>\nSeja seguidor do Instagram do Blog @blogdoedvaldomagalhaes<\/p>\n","protected":false},"excerpt":{"rendered":"<p>A Autarquia de Mobilidade, Tr\u00e2nsito e Transporte de Caruaru, anuncia altera\u00e7\u00f5es no acesso e nos sentidos da Estrada para o&hellip;<\/p>\n","protected":false},"author":1,"featured_media":108038,"comment_status":"closed","ping_status":"open","sticky":false,"template":"","format":"standard","meta":{"footnotes":""},"categories":[14120],"tags":[29440,27410,2,28801,30395],"class_list":["post-108037","post","type-post","status-publish","format-standard","has-post-thumbnail","hentry","category-noticias","tag-blog-com-mais-visualizacao","tag-blog-de-caruaru","tag-blog-do-edvaldo-magalhaes","tag-blog-mais-acessado","tag-mudancas-no-transito-para-facilitar-acesso-e-circulacao-no-xique-xique"],"_links":{"self":[{"href":"https:\/\/blogdoedvaldomagalhaes.com.br\/index.php\/wp-json\/wp\/v2\/posts\/108037","targetHints":{"allow":["GET"]}}],"collection":[{"href":"https:\/\/blogdoedvaldomagalhaes.com.br\/index.php\/wp-json\/wp\/v2\/posts"}],"about":[{"href":"https:\/\/blogdoedvaldomagalhaes.com.br\/index.php\/wp-json\/wp\/v2\/types\/post"}],"author":[{"embeddable":true,"href":"https:\/\/blogdoedvaldomagalhaes.com.br\/index.php\/wp-json\/wp\/v2\/users\/1"}],"replies":[{"embeddable":true,"href":"https:\/\/blogdoedvaldomagalhaes.com.br\/index.php\/wp-json\/wp\/v2\/comments?post=108037"}],"version-history":[{"count":1,"href":"https:\/\/blogdoedvaldomagalhaes.com.br\/index.php\/wp-json\/wp\/v2\/posts\/108037\/revisions"}],"predecessor-version":[{"id":108039,"href":"https:\/\/blogdoedvaldomagalhaes.com.br\/index.php\/wp-json\/wp\/v2\/posts\/108037\/revisions\/108039"}],"wp:featuredmedia":[{"embeddable":true,"href":"https:\/\/blogdoedvaldomagalhaes.com.br\/index.php\/wp-json\/wp\/v2\/media\/108038"}],"wp:attachment":[{"href":"https:\/\/blogdoedvaldomagalhaes.com.br\/index.php\/wp-json\/wp\/v2\/media?parent=108037"}],"wp:term":[{"taxonomy":"category","embeddable":true,"href":"https:\/\/blogdoedvaldomagalhaes.com.br\/index.php\/wp-json\/wp\/v2\/categories?post=108037"},{"taxonomy":"post_tag","embeddable":true,"href":"https:\/\/blogdoedvaldomagalhaes.com.br\/index.php\/wp-json\/wp\/v2\/tags?post=108037"}],"curies":[{"name":"wp","href":"https:\/\/api.w.org\/{rel}","templated":true}]}}