{"id":108034,"date":"2024-05-01T21:35:10","date_gmt":"2024-05-02T00:35:10","guid":{"rendered":"https:\/\/blogdoedvaldomagalhaes.com.br\/?p=108034"},"modified":"2024-05-01T21:35:11","modified_gmt":"2024-05-02T00:35:11","slug":"prefeito-rodrigo-pinheiro-e-homenageado-no-15o-premio-da-musica-pernambucana-por-seu-intenso-trabalho-em-prol-da-cultura-local","status":"publish","type":"post","link":"https:\/\/blogdoedvaldomagalhaes.com.br\/index.php\/2024\/05\/01\/prefeito-rodrigo-pinheiro-e-homenageado-no-15o-premio-da-musica-pernambucana-por-seu-intenso-trabalho-em-prol-da-cultura-local\/","title":{"rendered":"Prefeito Rodrigo Pinheiro \u00e9 homenageado no 15\u00ba Pr\u00eamio da M\u00fasica Pernambucana por seu intenso trabalho em prol da cultura local"},"content":{"rendered":"<p>_Gestor municipal recebeu na noite desta ter\u00e7a-feira (30), no Teatro Santa Isabel, no Recife, o pr\u00eamio ao lado da governadora Raquel Lyra, tamb\u00e9m homegeada da noite, e do presidente da Funda\u00e7\u00e3o de Cultura de Caruaru, H\u00e9rlon Cavalcanti_<\/p>\n<p>O prefeito de Caruaru, Rodrigo Pinheiro e a Governadora Raquel Lyra foram homenageados no 15\u00ba Pr\u00eamio da M\u00fasica Pernambucana, durante solenidade ocorrida na noite desta ter\u00e7a-feira (30), no Teatro Santa Isabel, no Recife. Os gestores municipal e estadual receberam a premia\u00e7\u00e3o ao lado do presidente da Funda\u00e7\u00e3o de Cultura de Caruaru (FCC), H\u00e9rlon Cavalcanti.<\/p>\n<p>O prefeito Rodrigo Pinheiro e a Governadora Raquel Lyra s\u00e3o os primeiros pol\u00edticos a receberem este pr\u00eamio em toda a hist\u00f3ria de 15 anos do evento. A homenagem foi concedida diante do intenso trabalho realizado pelos gestores municipal e estadual em prol da cultura local. Em Caruaru, por exemplo, os artistas locais que se apresentam no Maior e Melhor S\u00e3o Jo\u00e3o do Mundo tiveram aumento real nos cach\u00eas, al\u00e9m das in\u00fameras a\u00e7\u00f5es culturais realizadas durante a gest\u00e3o municipal e estadual.<\/p>\n<p>\u201cCaruaru hoje, al\u00e9m da consolida\u00e7\u00e3o do maior S\u00e3o Jo\u00e3o do mundo, que este ano bate recorde com 72 dias de festividades, possui agora um calend\u00e1rio de eventos ao longo de todo o ano, por isso ficamos felizes por poder contribuir e fortalecer cada vez mais tudo o que envolve a cultura, os artistas e a valoriza\u00e7\u00e3o dos diversos profissionais que fazem a nossa arte, e claro, a gente n\u00e3o faz nada sozinho, por isso quero parabenizar e agradecer o presidente da Funda\u00e7\u00e3o de Cultura H\u00e9rlon Cavalcanti, o vice presidente M\u00e1rcio Santos, os secret\u00e1rios municipais e todos que trabalham diuturnamente para que a entrega \u00e0 popula\u00e7\u00e3o seja feita da melhor forma. Aproveitar para agradecer aqui todos os artistas, ali\u00e1s temos aqui a presen\u00e7a de um patrim\u00f4nio vivo de Caruaru que \u00e9 Onildo Almeida, ao qual, em nome dele, sa\u00fado a todos os artistas presentes. Todos sabem da import\u00e2ncia do s\u00e3o Jo\u00e3o de Caruaru e o quanto avan\u00e7amos no que diz respeito \u00e0 estrutura, ao calend\u00e1rio e \u00e0 valoriza\u00e7\u00e3o dos artistas locais, inclusive no reajuste dos cach\u00eas. Principalmente a import\u00e2ncia do planejamento e da antecipa\u00e7\u00e3o do an\u00fancio das festividades, impulssionando assim n\u00e3o somente a movimenta\u00e7\u00e3o de nossa economia, como tamb\u00e9m o trade tur\u00edstico, os bares e restaurantes , as feiras livres e o nosso artesanato do Ato do Moura. Aproveito para aqui agradecer pelo reconhecimento \u00e0 nossa gest\u00e3o de todos que fazem o Pr\u00eamio da M\u00fasica Pernambucana\u201d, ressaltou o prefeito de Caruaru Rodrigo Pinheiro . <\/p>\n<p>O presidente da Funda\u00e7\u00e3o de Cultura de Caruaru (FCC), H\u00e9rlon Cavalcanti parabenizou o artista e produtor cultural George Luiz, que \u00e9 presidente da Associa\u00e7\u00e3o de Cantores e Int\u00e9rpretes de Pernambuco (ACINPE). Al\u00e9m dos pr\u00eamios para a gest\u00e3o municipal de Caruaru, diversos artistas de todo o estado tamb\u00e9m receber\u00e3o este reconhecimento. &#8220;Estamos gratos \u00e0 comiss\u00e3o do pr\u00eamio pela pesquisa e reconhecimento do nosso trabalho. Divido esse pr\u00eamio a todos da FCC. Agrade\u00e7o aos artistas pela parceria e um agradecimento especial ao meu amigo, o prefeito de Caruaru, Rodrigo Pinheiro, por proporcionar avan\u00e7os em todos os sentidos para nossa gente com muito di\u00e1logo, respeito e a\u00e7\u00f5es reais que est\u00e3o mudando a vida de tanta gente para melhor&#8221;, disse H\u00e9rlon Cavalcanti.<\/p>\n<p>Em seu discurso, bastante emocionado, o compositor, m\u00fasico e poeta caruaruense Onildo Almeida agradeceu ao prefeito Rodrigo Pinheiro e a todos do Pr\u00eamio da M\u00fasica Pernambucana e falou que se sente realizado. \u201cEu que tenho mais de 100 m\u00fasicas gravadas, sendo 29 delas por Luiz Gonzaga, como A Feira de Caruaru. Eu me sinto realizado, porque s\u00e3o muitas m\u00fasicas divulgadas pelo mundo afora divulgando minha cidade de Caruaru, meu estado e meu pa\u00eds, por isso me sinto realizado e gostaria de retribuir cantando um trecho desse grande sucesso\u201d, finalizou suas palavras entoando um de seus maiores sucessos, a can\u00e7\u00e3o \u201cA Feira de Caruaru\u201d, gravada por Luiz Gonzaga em 1957, sendo aplaudido de p\u00e9 por todos os presentes.<\/p>\n<p>A Governadora Raquel Lyra recebeu a premia\u00e7\u00e3o e deixou sua mensagem para todos os artistas presentes. \u201cPara mim \u00e9 uma honra estar aqui nesse palco lindo, recheado de grandes artistas. Minha rever\u00eancia, meu respeito e carinho por todos voc\u00eas. Todos aqui s\u00e3o fazedores de cultura e a gente tem trabalhado de maneira intensa para buscar salvaguardar nossos patrim\u00f4nios e toda nossa riqueza. Que os nossos artistas possam viver da sua arte, e o nosso esfor\u00e7o todo t\u00eam sido feito nesse sentido\u201d, ressaltou a governadora de Pernambuco, Raquel Lyra.<br \/>\nFotos: Elvis Edson\/Secom\/PMC<br \/>\nSeja seguidor do Instagram do Blog @blogdoesvaldomagalhaes<\/p>\n","protected":false},"excerpt":{"rendered":"<p>_Gestor municipal recebeu na noite desta ter\u00e7a-feira (30), no Teatro Santa Isabel, no Recife, o pr\u00eamio ao lado da governadora&hellip;<\/p>\n","protected":false},"author":1,"featured_media":108035,"comment_status":"closed","ping_status":"open","sticky":false,"template":"","format":"standard","meta":{"footnotes":""},"categories":[14122],"tags":[29440,27410,2,28801,20,30394],"class_list":["post-108034","post","type-post","status-publish","format-standard","has-post-thumbnail","hentry","category-politica","tag-blog-com-mais-visualizacao","tag-blog-de-caruaru","tag-blog-do-edvaldo-magalhaes","tag-blog-mais-acessado","tag-politica","tag-prefeito-rodrigo-pinheiro-e-homenageado-no-15o-premio-da-musica-pernambucana-por-seu-intenso-trabalho-em-prol-da-cultura-local"],"_links":{"self":[{"href":"https:\/\/blogdoedvaldomagalhaes.com.br\/index.php\/wp-json\/wp\/v2\/posts\/108034","targetHints":{"allow":["GET"]}}],"collection":[{"href":"https:\/\/blogdoedvaldomagalhaes.com.br\/index.php\/wp-json\/wp\/v2\/posts"}],"about":[{"href":"https:\/\/blogdoedvaldomagalhaes.com.br\/index.php\/wp-json\/wp\/v2\/types\/post"}],"author":[{"embeddable":true,"href":"https:\/\/blogdoedvaldomagalhaes.com.br\/index.php\/wp-json\/wp\/v2\/users\/1"}],"replies":[{"embeddable":true,"href":"https:\/\/blogdoedvaldomagalhaes.com.br\/index.php\/wp-json\/wp\/v2\/comments?post=108034"}],"version-history":[{"count":1,"href":"https:\/\/blogdoedvaldomagalhaes.com.br\/index.php\/wp-json\/wp\/v2\/posts\/108034\/revisions"}],"predecessor-version":[{"id":108036,"href":"https:\/\/blogdoedvaldomagalhaes.com.br\/index.php\/wp-json\/wp\/v2\/posts\/108034\/revisions\/108036"}],"wp:featuredmedia":[{"embeddable":true,"href":"https:\/\/blogdoedvaldomagalhaes.com.br\/index.php\/wp-json\/wp\/v2\/media\/108035"}],"wp:attachment":[{"href":"https:\/\/blogdoedvaldomagalhaes.com.br\/index.php\/wp-json\/wp\/v2\/media?parent=108034"}],"wp:term":[{"taxonomy":"category","embeddable":true,"href":"https:\/\/blogdoedvaldomagalhaes.com.br\/index.php\/wp-json\/wp\/v2\/categories?post=108034"},{"taxonomy":"post_tag","embeddable":true,"href":"https:\/\/blogdoedvaldomagalhaes.com.br\/index.php\/wp-json\/wp\/v2\/tags?post=108034"}],"curies":[{"name":"wp","href":"https:\/\/api.w.org\/{rel}","templated":true}]}}