{"id":108030,"date":"2024-05-01T20:36:16","date_gmt":"2024-05-01T23:36:16","guid":{"rendered":"https:\/\/blogdoedvaldomagalhaes.com.br\/?p=108030"},"modified":"2024-05-01T20:36:17","modified_gmt":"2024-05-01T23:36:17","slug":"hmp-passa-a-integrar-rede-estadual-de-saude-com-abertura-de-20-leitos-de-sindrome-respiratoria-aguda-grave-srag","status":"publish","type":"post","link":"https:\/\/blogdoedvaldomagalhaes.com.br\/index.php\/2024\/05\/01\/hmp-passa-a-integrar-rede-estadual-de-saude-com-abertura-de-20-leitos-de-sindrome-respiratoria-aguda-grave-srag\/","title":{"rendered":"HMP passa a integrar rede estadual de sa\u00fade com abertura de 20 leitos de S\u00edndrome Respirat\u00f3ria Aguda Grave (SRAG)"},"content":{"rendered":"<p>A novidade j\u00e1 est\u00e1 funcionando para atender pacientes do Agreste e tem o objetivo de descentralizar o atendimento de sa\u00fade reduzindo a carga nos hospitais localizados na Regi\u00e3o Metropolitana do Recife<\/p>\n<p>Os 20 leitos de enfermaria para atender a pacientes adultos com S\u00edndrome Respirat\u00f3ria Grave (SRAG) foram entregues na \u00faltima segunda-feira (29), no Hospital Memorial de Pernambuco (HMP), em Caruaru, e fazem parte da Pol\u00edtica Estadual Permanente para este tipo de problema, que aumenta nesta \u00e9poca do ano, com as mudan\u00e7as constantes de temperatura e com a chegada do per\u00edodo chuvoso. A iniciativa da Secretaria Estadual de Sa\u00fade (SES), em parceria com o HMP, representa um importante passo para descentralizar o atendimento de sa\u00fade e assim reduzir a carga nos hospitais localizados na Regi\u00e3o Metropolitana do Recife (RMR).<\/p>\n<p>O HMP foi inaugurado h\u00e1 apenas quatro meses e j\u00e1 se tornou um equipamento de sa\u00fade fundamental para a popula\u00e7\u00e3o do Agreste. A unidade se consolida como o terceiro hospital na regi\u00e3o que mais realiza cirurgias, ficando atr\u00e1s apenas do Hospital Mestre Vitalino (HMV) e do Hospital Regional do Agreste (HRA), ambos em Caruaru.<\/p>\n<p>\u201cO HMP se torna um importante equipamento de sa\u00fade \u00e0 disposi\u00e7\u00e3o da nossa regi\u00e3o e de demandas do Estado na medida em que expandimos a nossa capacidade de atendimento e servi\u00e7os. Dessa forma, nos tornamos um hospital estrat\u00e9gico para o Agreste\u201d, enfatiza Dr. Sidney Ribeiro, diretor-presidente do HMP. Ele acrescenta o que representa na pr\u00e1tica a descentraliza\u00e7\u00e3o dos servi\u00e7os de sa\u00fade do SUS. \u201cVamos cuidar da nossa popula\u00e7\u00e3o com um hospital que garante condi\u00e7\u00f5es de realizarmos atendimentos aos nossos pacientes sem precisarmos transfer\u00ed-los para outras cidades ou mesmo para a Regi\u00e3o Metropolitana do Recife\u201d, frisou Dr. Sidney.<\/p>\n<p>A inaugura\u00e7\u00e3o dos 20 leitos de SRAG \u00e9 apenas o come\u00e7o de uma grande revolu\u00e7\u00e3o na sa\u00fade p\u00fablica do Agreste. O HMP contar\u00e1 em breve com 260 leitos, sendo 210 de enfermaria e 50 de terapia intensiva. No momento, o hospital funciona com 40% de sua capacidade. A unidade de sa\u00fade disponibiliza de setor de diagn\u00f3stico para realizar exames de imagem, al\u00e9m de 03 salas cir\u00fargicas, com capacidade de realizar 450 procedimentos mensais.<\/p>\n<p>&#8220;Gostar\u00edamos de agradecer a confian\u00e7a depositada pela Governadora Raquel Lyra e a SES. Em rela\u00e7\u00e3o a n\u00f3s do HMP, seguimos firmes no prop\u00f3sito de cuidar de nossa gente e com atendimento digno e humanizado\u201d, finalizou Dr. Sidney Ribeiro.<br \/>\nFoto: Divulga\u00e7\u00e3o<br \/>\nSeja seguidor do Instagram do Blog @blogdoedvaldomagalhaes<\/p>\n","protected":false},"excerpt":{"rendered":"<p>A novidade j\u00e1 est\u00e1 funcionando para atender pacientes do Agreste e tem o objetivo de descentralizar o atendimento de sa\u00fade&hellip;<\/p>\n","protected":false},"author":1,"featured_media":108032,"comment_status":"closed","ping_status":"open","sticky":false,"template":"","format":"standard","meta":{"footnotes":""},"categories":[14120],"tags":[30253,29440,2,28801,3406,30393],"class_list":["post-108030","post","type-post","status-publish","format-standard","has-post-thumbnail","hentry","category-noticias","tag-blog-caruaru","tag-blog-com-mais-visualizacao","tag-blog-do-edvaldo-magalhaes","tag-blog-mais-acessado","tag-caruaru","tag-hmp-passa-a-integrar-rede-estadual-de-saude-com-abertura-de-20-leitos-de-sindrome-respiratoria-aguda-grave-srag"],"_links":{"self":[{"href":"https:\/\/blogdoedvaldomagalhaes.com.br\/index.php\/wp-json\/wp\/v2\/posts\/108030","targetHints":{"allow":["GET"]}}],"collection":[{"href":"https:\/\/blogdoedvaldomagalhaes.com.br\/index.php\/wp-json\/wp\/v2\/posts"}],"about":[{"href":"https:\/\/blogdoedvaldomagalhaes.com.br\/index.php\/wp-json\/wp\/v2\/types\/post"}],"author":[{"embeddable":true,"href":"https:\/\/blogdoedvaldomagalhaes.com.br\/index.php\/wp-json\/wp\/v2\/users\/1"}],"replies":[{"embeddable":true,"href":"https:\/\/blogdoedvaldomagalhaes.com.br\/index.php\/wp-json\/wp\/v2\/comments?post=108030"}],"version-history":[{"count":1,"href":"https:\/\/blogdoedvaldomagalhaes.com.br\/index.php\/wp-json\/wp\/v2\/posts\/108030\/revisions"}],"predecessor-version":[{"id":108033,"href":"https:\/\/blogdoedvaldomagalhaes.com.br\/index.php\/wp-json\/wp\/v2\/posts\/108030\/revisions\/108033"}],"wp:featuredmedia":[{"embeddable":true,"href":"https:\/\/blogdoedvaldomagalhaes.com.br\/index.php\/wp-json\/wp\/v2\/media\/108032"}],"wp:attachment":[{"href":"https:\/\/blogdoedvaldomagalhaes.com.br\/index.php\/wp-json\/wp\/v2\/media?parent=108030"}],"wp:term":[{"taxonomy":"category","embeddable":true,"href":"https:\/\/blogdoedvaldomagalhaes.com.br\/index.php\/wp-json\/wp\/v2\/categories?post=108030"},{"taxonomy":"post_tag","embeddable":true,"href":"https:\/\/blogdoedvaldomagalhaes.com.br\/index.php\/wp-json\/wp\/v2\/tags?post=108030"}],"curies":[{"name":"wp","href":"https:\/\/api.w.org\/{rel}","templated":true}]}}