{"id":107995,"date":"2024-04-30T11:18:15","date_gmt":"2024-04-30T14:18:15","guid":{"rendered":"https:\/\/blogdoedvaldomagalhaes.com.br\/?p=107995"},"modified":"2024-04-30T11:18:15","modified_gmt":"2024-04-30T14:18:15","slug":"confira-a-programacao-do-mercado-cultural-casa-rosa-no-feriado-de-1o-de-maio","status":"publish","type":"post","link":"https:\/\/blogdoedvaldomagalhaes.com.br\/index.php\/2024\/04\/30\/confira-a-programacao-do-mercado-cultural-casa-rosa-no-feriado-de-1o-de-maio\/","title":{"rendered":"Confira a programa\u00e7\u00e3o do Mercado Cultural Casa Rosa no feriado de 1\u00ba de maio"},"content":{"rendered":"<p>Nesta quarta-feira (1\u00ba), feriado do Dia do Trabalhador, v\u00e1rias atra\u00e7\u00f5es musicais ir\u00e3o movimentar o Mercado Cultural Casa Rosa, em Caruaru. O local, que al\u00e9m de ser um ponto de concentra\u00e7\u00e3o da cultura, disp\u00f5e de um ambiente amplo, com excelente estrutura f\u00edsica e espa\u00e7o infantil.<\/p>\n<p>Localizado no Parque 18 de Maio, no cora\u00e7\u00e3o da Feira de Caruaru, o espa\u00e7o funciona aos s\u00e1bados, domingos e feriados,das 11h \u00e0s 17h30. O Mercado conta atualmente com 12 estabelecimentos, com servi\u00e7os variados, como: cacha\u00e7aria, cozinha t\u00edpica, tapiocaria, boteco tradicional, petiscaria, al\u00e9m de espa\u00e7os multifuncionais.<\/p>\n<p>*Confira a programa\u00e7\u00e3o para este feriado:*<\/p>\n<p>_Quarta-feira &#8211; 1\u00ba de maio_<br \/>\n11h &#8211; Trio Floresta<br \/>\n13h &#8211; Aldrin de Caruaru e Edson Bueno<br \/>\n15h &#8211; M\u00e1rcia Pequeno<br \/>\nFoto: Divulga\u00e7\u00e3o\/Secom\/PMC.<br \/>\nSeja seguidor do Instagram do Blog @blogdoedvaldomagalhaes<\/p>\n","protected":false},"excerpt":{"rendered":"<p>Nesta quarta-feira (1\u00ba), feriado do Dia do Trabalhador, v\u00e1rias atra\u00e7\u00f5es musicais ir\u00e3o movimentar o Mercado Cultural Casa Rosa, em Caruaru.&hellip;<\/p>\n","protected":false},"author":1,"featured_media":107996,"comment_status":"closed","ping_status":"open","sticky":false,"template":"","format":"standard","meta":{"footnotes":""},"categories":[14120],"tags":[30253,29440,2,28801,30384],"class_list":["post-107995","post","type-post","status-publish","format-standard","has-post-thumbnail","hentry","category-noticias","tag-blog-caruaru","tag-blog-com-mais-visualizacao","tag-blog-do-edvaldo-magalhaes","tag-blog-mais-acessado","tag-confira-a-programacao-do-mercado-cultural-casa-rosa-no-feriado-de-1o-de-maio"],"_links":{"self":[{"href":"https:\/\/blogdoedvaldomagalhaes.com.br\/index.php\/wp-json\/wp\/v2\/posts\/107995","targetHints":{"allow":["GET"]}}],"collection":[{"href":"https:\/\/blogdoedvaldomagalhaes.com.br\/index.php\/wp-json\/wp\/v2\/posts"}],"about":[{"href":"https:\/\/blogdoedvaldomagalhaes.com.br\/index.php\/wp-json\/wp\/v2\/types\/post"}],"author":[{"embeddable":true,"href":"https:\/\/blogdoedvaldomagalhaes.com.br\/index.php\/wp-json\/wp\/v2\/users\/1"}],"replies":[{"embeddable":true,"href":"https:\/\/blogdoedvaldomagalhaes.com.br\/index.php\/wp-json\/wp\/v2\/comments?post=107995"}],"version-history":[{"count":1,"href":"https:\/\/blogdoedvaldomagalhaes.com.br\/index.php\/wp-json\/wp\/v2\/posts\/107995\/revisions"}],"predecessor-version":[{"id":107997,"href":"https:\/\/blogdoedvaldomagalhaes.com.br\/index.php\/wp-json\/wp\/v2\/posts\/107995\/revisions\/107997"}],"wp:featuredmedia":[{"embeddable":true,"href":"https:\/\/blogdoedvaldomagalhaes.com.br\/index.php\/wp-json\/wp\/v2\/media\/107996"}],"wp:attachment":[{"href":"https:\/\/blogdoedvaldomagalhaes.com.br\/index.php\/wp-json\/wp\/v2\/media?parent=107995"}],"wp:term":[{"taxonomy":"category","embeddable":true,"href":"https:\/\/blogdoedvaldomagalhaes.com.br\/index.php\/wp-json\/wp\/v2\/categories?post=107995"},{"taxonomy":"post_tag","embeddable":true,"href":"https:\/\/blogdoedvaldomagalhaes.com.br\/index.php\/wp-json\/wp\/v2\/tags?post=107995"}],"curies":[{"name":"wp","href":"https:\/\/api.w.org\/{rel}","templated":true}]}}