{"id":107987,"date":"2024-04-29T18:41:41","date_gmt":"2024-04-29T21:41:41","guid":{"rendered":"https:\/\/blogdoedvaldomagalhaes.com.br\/?p=107987"},"modified":"2024-04-30T20:56:35","modified_gmt":"2024-04-30T23:56:35","slug":"governadora-raquel-lyra-diz-que-investimento-de-r-51-bilhoes-em-energia-trara-mais-desenvolvimento-economico-e-social-ao-estado","status":"publish","type":"post","link":"https:\/\/blogdoedvaldomagalhaes.com.br\/index.php\/2024\/04\/29\/governadora-raquel-lyra-diz-que-investimento-de-r-51-bilhoes-em-energia-trara-mais-desenvolvimento-economico-e-social-ao-estado\/","title":{"rendered":"Governadora Raquel Lyra diz que investimento de R$ 5,1 bilh\u00f5es em energia trar\u00e1 mais desenvolvimento econ\u00f4mico e social ao Estado"},"content":{"rendered":"<p>Em cerim\u00f4nia realizada no Pal\u00e1cio do Campo das Princesas nesta segunda-feira (29), a Neoenergia Pernambuco anunciou o investimento de R$ 5,1 bilh\u00f5es em todo o Estado de Pernambuco. Acompanhada da vice-governadora, Priscila Krause, a governadora Raquel Lyra destacou que o aporte ir\u00e1 atrair mais desenvolvimento econ\u00f4mico para Pernambuco, beneficiando a popula\u00e7\u00e3o e colaborando para a instala\u00e7\u00e3o de mais ind\u00fastrias.<\/p>\n<p>&#8220;Os investimentos da Neoenergia dialogam com as pautas de desenvolvimento sustent\u00e1vel e de justi\u00e7a social que tanto defendemos, pois significam a energia chegando na eletrifica\u00e7\u00e3o de po\u00e7os e nas subesta\u00e7\u00f5es das nossas escolas, por exemplo. Estamos trabalhando para que o Estado volte a crescer e tenha protagonismo no Nordeste, mas isso s\u00f3 \u00e9 poss\u00edvel se tivermos a infraestrutura adequada. Por isso, a energia \u00e9 fundamental para permitir que os nossos arranjos produtivos possam se desenvolver do Litoral ao Sert\u00e3o&#8221;, ressaltou a governadora Raquel Lyra.<\/p>\n<p>Somente em 2024, ser\u00e3o investidos R$ 928 milh\u00f5es, com o objetivo de disponibilizar mais energia para os pernambucanos. \u201cPrestamos um servi\u00e7o essencial para a sociedade e o fornecimento de energia de qualidade \u00e9 um insumo indispens\u00e1vel para que o Estado possa se desenvolver cada vez mais. Ao projetar investimentos recordes para os pr\u00f3ximos cinco anos, renovamos nosso compromisso em distribuir energia de forma cont\u00ednua e confi\u00e1vel para os pernambucanos contribuindo ainda mais para o desenvolvimento social e econ\u00f4mico do Estado\u201d, o CEO da Neoenergia, Eduardo Capelastegui.<\/p>\n<p>At\u00e9 2028, ser\u00e3o instalados mais de 1,1 mil religadores na rede de distribui\u00e7\u00e3o, equipamentos que realizam a recomposi\u00e7\u00e3o autom\u00e1tica do sistema em casos de interrup\u00e7\u00e3o. O volume de obras previstas tamb\u00e9m fomentar\u00e1 a abertura de postos de trabalho no Estado. A estimativa \u00e9 que sejam gerados mais de 2 mil empregos para a execu\u00e7\u00e3o dos servi\u00e7os.<\/p>\n<p>O secret\u00e1rio estadual de Desenvolvimento Econ\u00f4mico, Guilherme Cavalcanti, destacou que o Governo do Estado tem acompanhado de perto a distribui\u00e7\u00e3o de energia em Pernambuco. \u201cA novidade esse ano \u00e9 que o investimento \u00e9 30% maior do que a m\u00e9dia hist\u00f3rica que a Neoenergia vinha fazendo em Pernambuco. O governo Raquel Lyra tem dado todo o apoio \u00e0 distribuidora para que ela possa cumprir o seu contrato, mas principalmente a gente tem cobrado de forma estruturada aquilo que melhora a vida dos pernambucanos e das empresas que aqui est\u00e3o instaladas&#8221;, explicou.<\/p>\n<p>Nos pr\u00f3ximos cinco anos, a distribuidora ir\u00e1 construir ou expandir 13 subesta\u00e7\u00f5es e mais de 270 quil\u00f4metros de linhas de alta tens\u00e3o. Tamb\u00e9m haver\u00e1 a amplia\u00e7\u00e3o de mais de 10% da disponibilidade energ\u00e9tica no Estado para a realiza\u00e7\u00e3o de mais de 680 mil liga\u00e7\u00f5es, do Litoral ao Sert\u00e3o. De acordo com a Neoenergia, esses empreendimentos ir\u00e3o impactar no aumento da disponibilidade de energia para mais de 395 mil clientes dessas cidades e regi\u00f5es nas quais est\u00e3o inseridas.<\/p>\n<p>Estiveram presentes o deputado federal T\u00falio Gadelha, os estaduais Debora Almeida, Edson Vieira, M\u00e1rio Ricardo, Ant\u00f4nio Morais e Aglailson Victor. Tamb\u00e9m participaram os secret\u00e1rios estaduais Wilson Jos\u00e9 de Paula (Fazenda); Fernando Holanda (Assessoria Especial e Rela\u00e7\u00f5es Internacionais) e Ana Luiza Ferreira (Meio Ambiente, Sustentabilidade e Fernando de Noronha), a administradora da Ilha de Fernando de Noronha, Thallyta Figuer\u00f4a, o diretor-presidente da CPRH, Jos\u00e9 Anchieta, al\u00e9m do presidente da Adepe, Andr\u00e9 Teixeira.<br \/>\nFoto: Jana\u00edna Pepeu\/Secom.<br \/>\nSeja seguidor do Instagram do Blog @blogdoedvaldomagalhaes<\/p>\n","protected":false},"excerpt":{"rendered":"<p>Em cerim\u00f4nia realizada no Pal\u00e1cio do Campo das Princesas nesta segunda-feira (29), a Neoenergia Pernambuco anunciou o investimento de R$&hellip;<\/p>\n","protected":false},"author":1,"featured_media":107988,"comment_status":"closed","ping_status":"open","sticky":false,"template":"","format":"standard","meta":{"footnotes":""},"categories":[14122],"tags":[30253,29440,2,28801,3406,20,1229],"class_list":["post-107987","post","type-post","status-publish","format-standard","has-post-thumbnail","hentry","category-politica","tag-blog-caruaru","tag-blog-com-mais-visualizacao","tag-blog-do-edvaldo-magalhaes","tag-blog-mais-acessado","tag-caruaru","tag-politica","tag-raquel-lyra"],"_links":{"self":[{"href":"https:\/\/blogdoedvaldomagalhaes.com.br\/index.php\/wp-json\/wp\/v2\/posts\/107987","targetHints":{"allow":["GET"]}}],"collection":[{"href":"https:\/\/blogdoedvaldomagalhaes.com.br\/index.php\/wp-json\/wp\/v2\/posts"}],"about":[{"href":"https:\/\/blogdoedvaldomagalhaes.com.br\/index.php\/wp-json\/wp\/v2\/types\/post"}],"author":[{"embeddable":true,"href":"https:\/\/blogdoedvaldomagalhaes.com.br\/index.php\/wp-json\/wp\/v2\/users\/1"}],"replies":[{"embeddable":true,"href":"https:\/\/blogdoedvaldomagalhaes.com.br\/index.php\/wp-json\/wp\/v2\/comments?post=107987"}],"version-history":[{"count":1,"href":"https:\/\/blogdoedvaldomagalhaes.com.br\/index.php\/wp-json\/wp\/v2\/posts\/107987\/revisions"}],"predecessor-version":[{"id":107989,"href":"https:\/\/blogdoedvaldomagalhaes.com.br\/index.php\/wp-json\/wp\/v2\/posts\/107987\/revisions\/107989"}],"wp:featuredmedia":[{"embeddable":true,"href":"https:\/\/blogdoedvaldomagalhaes.com.br\/index.php\/wp-json\/wp\/v2\/media\/107988"}],"wp:attachment":[{"href":"https:\/\/blogdoedvaldomagalhaes.com.br\/index.php\/wp-json\/wp\/v2\/media?parent=107987"}],"wp:term":[{"taxonomy":"category","embeddable":true,"href":"https:\/\/blogdoedvaldomagalhaes.com.br\/index.php\/wp-json\/wp\/v2\/categories?post=107987"},{"taxonomy":"post_tag","embeddable":true,"href":"https:\/\/blogdoedvaldomagalhaes.com.br\/index.php\/wp-json\/wp\/v2\/tags?post=107987"}],"curies":[{"name":"wp","href":"https:\/\/api.w.org\/{rel}","templated":true}]}}