{"id":107915,"date":"2024-04-28T10:41:43","date_gmt":"2024-04-28T13:41:43","guid":{"rendered":"https:\/\/blogdoedvaldomagalhaes.com.br\/?p=107915"},"modified":"2024-04-28T10:41:44","modified_gmt":"2024-04-28T13:41:44","slug":"publico-lota-vila-rafael-em-mais-uma-noite-do-sao-joao-na-roca","status":"publish","type":"post","link":"https:\/\/blogdoedvaldomagalhaes.com.br\/index.php\/2024\/04\/28\/publico-lota-vila-rafael-em-mais-uma-noite-do-sao-joao-na-roca\/","title":{"rendered":"P\u00fablico lota Vila Rafael em mais uma noite do S\u00e3o Jo\u00e3o na Ro\u00e7a"},"content":{"rendered":"<p>O p\u00fablico marcou presen\u00e7a em peso em mais uma noite de S\u00e3o Jo\u00e3o na Ro\u00e7a. Neste s\u00e1bado (27), o Maior e Melhor S\u00e3o Jo\u00e3o do Mundo chegou \u00e0 Vila do Rafael. No local, os forrozeiros e forrozeiras foram recepcionados pela Banda de P\u00edfanos Vitoriano Jovem e o Ballet Cia Marcos Mercury. <\/p>\n<p>\u201cCome\u00e7ar o S\u00e3o Jo\u00e3o pela zona rural \u00e9 lembrar a festa tradicional, das fogueiras, das bandeirolas e das comidas t\u00edpicas. Aqui, a gente consegue traduzir a ess\u00eancia do S\u00e3o Jo\u00e3o. Caruaru alavanca e comanda o S\u00e3o Jo\u00e3o do Brasil\u201d, disse o prefeito Rodrigo Pinheiro<\/p>\n<p>Mais uma vez, os comerciantes da localidade participaram da festa, como uma iniciativa da prefeitura de fazer a economia girar tamb\u00e9m na comunidade rural. Al\u00e9m disso, o espa\u00e7o ainda contou com a presen\u00e7a das mulheres empreendedoras. <\/p>\n<p>A primeira atra\u00e7\u00e3o a subir ao palco foi o Trio Santa Rosa, que parabenizou a Prefeitura de Caruaru e a Funda\u00e7\u00e3o de Cultura pela descentraliza\u00e7\u00e3o do S\u00e3o Jo\u00e3o. O segundo show da noite foi do caruaruense Matheus Lima, que disse estar bastante honrado em se apresentar no munic\u00edpio onde nasceu. \u201cO S\u00e3o Jo\u00e3o na Ro\u00e7a tem uma emo\u00e7\u00e3o diferente. \u00c9 incr\u00edvel tocar na minha cidade natal, ainda mais sendo a minha primeira vez na Vila do Rafael\u201d, afirmou. <\/p>\n<p>Por fim, o baiano de Salvador, Del Feliz, encerrou a noite em sua terceira passagem pelo S\u00e3o Jo\u00e3o de Caruaru: \u201cO prefeito Rodrigo Pinheiro est\u00e1 fazendo mais um S\u00e3o Jo\u00e3o lindo! Caruaru tem, realmente, o maior e melhor festejo junino do mundo\u201d.<br \/>\nFoto: Jorge Farias\/Secom<br \/>\nSeja seguidor do Instagram do Blog @blogdoedvaldomagalhaes<\/p>\n","protected":false},"excerpt":{"rendered":"<p>O p\u00fablico marcou presen\u00e7a em peso em mais uma noite de S\u00e3o Jo\u00e3o na Ro\u00e7a. Neste s\u00e1bado (27), o Maior&hellip;<\/p>\n","protected":false},"author":1,"featured_media":107916,"comment_status":"closed","ping_status":"open","sticky":false,"template":"","format":"standard","meta":{"footnotes":""},"categories":[14120],"tags":[29440,27410,2,3406,6,30372,6758],"class_list":["post-107915","post","type-post","status-publish","format-standard","has-post-thumbnail","hentry","category-noticias","tag-blog-com-mais-visualizacao","tag-blog-de-caruaru","tag-blog-do-edvaldo-magalhaes","tag-caruaru","tag-noticias","tag-publico-lota-vila-rafael-em-mais-uma-noite-do-sao-joao-na-roca","tag-sao-joao"],"_links":{"self":[{"href":"https:\/\/blogdoedvaldomagalhaes.com.br\/index.php\/wp-json\/wp\/v2\/posts\/107915","targetHints":{"allow":["GET"]}}],"collection":[{"href":"https:\/\/blogdoedvaldomagalhaes.com.br\/index.php\/wp-json\/wp\/v2\/posts"}],"about":[{"href":"https:\/\/blogdoedvaldomagalhaes.com.br\/index.php\/wp-json\/wp\/v2\/types\/post"}],"author":[{"embeddable":true,"href":"https:\/\/blogdoedvaldomagalhaes.com.br\/index.php\/wp-json\/wp\/v2\/users\/1"}],"replies":[{"embeddable":true,"href":"https:\/\/blogdoedvaldomagalhaes.com.br\/index.php\/wp-json\/wp\/v2\/comments?post=107915"}],"version-history":[{"count":1,"href":"https:\/\/blogdoedvaldomagalhaes.com.br\/index.php\/wp-json\/wp\/v2\/posts\/107915\/revisions"}],"predecessor-version":[{"id":107917,"href":"https:\/\/blogdoedvaldomagalhaes.com.br\/index.php\/wp-json\/wp\/v2\/posts\/107915\/revisions\/107917"}],"wp:featuredmedia":[{"embeddable":true,"href":"https:\/\/blogdoedvaldomagalhaes.com.br\/index.php\/wp-json\/wp\/v2\/media\/107916"}],"wp:attachment":[{"href":"https:\/\/blogdoedvaldomagalhaes.com.br\/index.php\/wp-json\/wp\/v2\/media?parent=107915"}],"wp:term":[{"taxonomy":"category","embeddable":true,"href":"https:\/\/blogdoedvaldomagalhaes.com.br\/index.php\/wp-json\/wp\/v2\/categories?post=107915"},{"taxonomy":"post_tag","embeddable":true,"href":"https:\/\/blogdoedvaldomagalhaes.com.br\/index.php\/wp-json\/wp\/v2\/tags?post=107915"}],"curies":[{"name":"wp","href":"https:\/\/api.w.org\/{rel}","templated":true}]}}