{"id":107912,"date":"2024-04-27T20:31:07","date_gmt":"2024-04-27T23:31:07","guid":{"rendered":"https:\/\/blogdoedvaldomagalhaes.com.br\/?p=107912"},"modified":"2024-04-27T20:31:08","modified_gmt":"2024-04-27T23:31:08","slug":"prefeito-rodrigo-pinheiro-inaugura-centro-de-referencia-e-formacao-da-primeira-infancia","status":"publish","type":"post","link":"https:\/\/blogdoedvaldomagalhaes.com.br\/index.php\/2024\/04\/27\/prefeito-rodrigo-pinheiro-inaugura-centro-de-referencia-e-formacao-da-primeira-infancia\/","title":{"rendered":"Prefeito Rodrigo Pinheiro inaugura Centro de Refer\u00eancia e Forma\u00e7\u00e3o da Primeira Inf\u00e2ncia"},"content":{"rendered":"<p>Dois dias depois do Complexo Ol\u00edmpico Municipal Rei Pel\u00e9, Rodrigo Pinheiro, realizou mais uma grande entrega \u00e0 popula\u00e7\u00e3o e que promete transformar para melhor a vida das crian\u00e7as caruaruenses. Ao lado da governadora de Pernambuco, Raquel Lyra, o prefeito de Caruaru inaugurou o Centro de Refer\u00eancia e Forma\u00e7\u00e3o da Primeira Inf\u00e2ncia, na tarde deste s\u00e1bado (27), no bairro Maur\u00edcio de Nassau. Iniciativa in\u00e9dita esta no pa\u00eds por unir, em um \u00fanico local, a forma\u00e7\u00e3o de profissionais, programas, pesquisas e servi\u00e7os voltados a este tipo de p\u00fablico.<\/p>\n<p>E o espa\u00e7o escolhido para comportar tamanho investimento relevante para educa\u00e7\u00e3o caruaruense se fez jus pela sua contribui\u00e7\u00e3o hist\u00f3rica a esse setor t\u00e3o importante para cidade. \u201cD\u00e9cadas atr\u00e1s, neste mesmo local, funcionou o Centro Educacional Montessori, institui\u00e7\u00e3o que marcou toda uma gera\u00e7\u00e3o de estudantes de Caruaru por seu m\u00e9todo inovador de ensino. Aqui tive oportunidade de estudar e obter aprendizados que carrego comigo por toda a minha vida. Ver que este mesmo local, a partir de hoje, passar\u00e1 a comportar atividades voltadas para primeira inf\u00e2ncia \u00e9 motivo de grande alegria e satisfa\u00e7\u00e3o\u201d, destacou, emocionado, Rodrigo Pinheiro.    <\/p>\n<p>O Centro de Refer\u00eancia e Forma\u00e7\u00e3o tem tr\u00eas eixos direcionados para pauta da primeira inf\u00e2ncia: forma\u00e7\u00e3o, servi\u00e7o e pesquisa. Ele busca responder aos dados apresentados no \u00faltimo PISA, metodologia que auxilia os pa\u00edses e seus munic\u00edpios a verificarem como seus sistemas de ensino se comparam globalmente em padr\u00f5es de qualidade, equidade e efici\u00eancia. Sua estrutura f\u00edsica \u00e9 moderna, com salas l\u00fadicas e propostas de trabalho multidisciplinares tendo em vista o seu enfoque na primeira inf\u00e2ncia &#8211; etapa da vida que compreende a gesta\u00e7\u00e3o at\u00e9 os seis anos da crian\u00e7a -, al\u00e9m de abrigar o Memorial Montessori.  <\/p>\n<p>\u201cO prefeito Rodrigo Pinheiro est\u00e1 de parab\u00e9ns! O Centro de Refer\u00eancia e Forma\u00e7\u00e3o da Primeira Inf\u00e2ncia est\u00e1 lindo de se viver! Ele resgata aquilo que \u00e9 essencial para se garantir uma boa forma\u00e7\u00e3o cidad\u00e3, com forma\u00e7\u00f5es de professores, pesquisas e servi\u00e7os direcionados para primeira inf\u00e2ncia. Tamb\u00e9m fui aluna do Montessori, sei da sua import\u00e2ncia para com a minha forma\u00e7\u00e3o como pessoa e estou muito feliz por saber que milhares de crian\u00e7as caruaruenses ser\u00e3o contempladas com todas as atividades que ser\u00e3o desenvolvidas neste Centro\u201d, destacou Raquel Lyra.   <\/p>\n<p>O Centro de Refer\u00eancia representa mais um grande avan\u00e7o em rela\u00e7\u00e3o \u00e0s a\u00e7\u00f5es e iniciativas implantadas pelo governo Rodrigo Pinheiro em prol da primeira inf\u00e2ncia na cidade. Neste contexto, em 2023, foi aprovado: o primeiro Plano Municipal pela Primeira Inf\u00e2ncia (PMPI) de Caruaru (Lei 6.994, de 03 de abril de 2023); o programa de Primeira Inf\u00e2ncia de Caruaru (Princ) (Decreto 054, de 01 de agosto de 2023); e o Comit\u00ea das Crian\u00e7as (Decreto 066, de 31 de agosto de 2023). J\u00e1 no in\u00edcio deste ano foi implantada a ger\u00eancia da Primeira Inf\u00e2ncia, ancorada na Secretaria de Educa\u00e7\u00e3o e Esportes de Caruaru.<\/p>\n<p>Administrado pela Seduc Caruaru, ele tamb\u00e9m contar\u00e1 com as atua\u00e7\u00f5es integradas de secretarias municipais como as de Desenvolvimento Social e Direitos Humanos, de Pol\u00edticas para Mulheres e de Sa\u00fade.<br \/>\nFoto: Divulga\u00e7\u00e3o\/Secom\/PMC.<br \/>\nSeja seguidor do Instagram do Blog @blogdoedvaldomagalhaes<\/p>\n","protected":false},"excerpt":{"rendered":"<p>Dois dias depois do Complexo Ol\u00edmpico Municipal Rei Pel\u00e9, Rodrigo Pinheiro, realizou mais uma grande entrega \u00e0 popula\u00e7\u00e3o e que&hellip;<\/p>\n","protected":false},"author":1,"featured_media":107913,"comment_status":"closed","ping_status":"open","sticky":false,"template":"","format":"standard","meta":{"footnotes":""},"categories":[14122],"tags":[29440,2,28801,3406,20,30360],"class_list":["post-107912","post","type-post","status-publish","format-standard","has-post-thumbnail","hentry","category-politica","tag-blog-com-mais-visualizacao","tag-blog-do-edvaldo-magalhaes","tag-blog-mais-acessado","tag-caruaru","tag-politica","tag-prefeito-rodrigo-pinheiro-inaugura-centro-de-referencia-e-formacao-da-primeira-infancia"],"_links":{"self":[{"href":"https:\/\/blogdoedvaldomagalhaes.com.br\/index.php\/wp-json\/wp\/v2\/posts\/107912","targetHints":{"allow":["GET"]}}],"collection":[{"href":"https:\/\/blogdoedvaldomagalhaes.com.br\/index.php\/wp-json\/wp\/v2\/posts"}],"about":[{"href":"https:\/\/blogdoedvaldomagalhaes.com.br\/index.php\/wp-json\/wp\/v2\/types\/post"}],"author":[{"embeddable":true,"href":"https:\/\/blogdoedvaldomagalhaes.com.br\/index.php\/wp-json\/wp\/v2\/users\/1"}],"replies":[{"embeddable":true,"href":"https:\/\/blogdoedvaldomagalhaes.com.br\/index.php\/wp-json\/wp\/v2\/comments?post=107912"}],"version-history":[{"count":1,"href":"https:\/\/blogdoedvaldomagalhaes.com.br\/index.php\/wp-json\/wp\/v2\/posts\/107912\/revisions"}],"predecessor-version":[{"id":107914,"href":"https:\/\/blogdoedvaldomagalhaes.com.br\/index.php\/wp-json\/wp\/v2\/posts\/107912\/revisions\/107914"}],"wp:featuredmedia":[{"embeddable":true,"href":"https:\/\/blogdoedvaldomagalhaes.com.br\/index.php\/wp-json\/wp\/v2\/media\/107913"}],"wp:attachment":[{"href":"https:\/\/blogdoedvaldomagalhaes.com.br\/index.php\/wp-json\/wp\/v2\/media?parent=107912"}],"wp:term":[{"taxonomy":"category","embeddable":true,"href":"https:\/\/blogdoedvaldomagalhaes.com.br\/index.php\/wp-json\/wp\/v2\/categories?post=107912"},{"taxonomy":"post_tag","embeddable":true,"href":"https:\/\/blogdoedvaldomagalhaes.com.br\/index.php\/wp-json\/wp\/v2\/tags?post=107912"}],"curies":[{"name":"wp","href":"https:\/\/api.w.org\/{rel}","templated":true}]}}