{"id":107907,"date":"2024-04-27T12:24:54","date_gmt":"2024-04-27T15:24:54","guid":{"rendered":"https:\/\/blogdoedvaldomagalhaes.com.br\/?p=107907"},"modified":"2024-04-27T12:30:49","modified_gmt":"2024-04-27T15:30:49","slug":"operacao-dia-d-prende-condutor-por-embriaguez-ao-volante-e-apreende-moto-com-irregularidades-em-caruaru","status":"publish","type":"post","link":"https:\/\/blogdoedvaldomagalhaes.com.br\/index.php\/2024\/04\/27\/operacao-dia-d-prende-condutor-por-embriaguez-ao-volante-e-apreende-moto-com-irregularidades-em-caruaru\/","title":{"rendered":"Opera\u00e7\u00e3o Dia D prende condutor por embriaguez ao volante e apreende moto com irregularidades em Caruaru"},"content":{"rendered":"<p><span style=\"font-size: revert;\">Durante a execu\u00e7\u00e3o da Opera\u00e7\u00e3o Dia D na rua Joaquim Manoel de Macedo, no bairro Salgado, em Caruaru, foi montada uma blitz, onde foi abordado um condutor, verificou-se que o mesmo apresentava odor et\u00edlico, sendo convidado a realizar o teste do etil\u00f4metro, que obteve resultado de 1,10 mg\/l, configurando o crime do artigo 306 do CTB &#8211; C\u00f3digo de Tr\u00e2nsito Brasileiro.<br \/>\n<\/span><\/p>\n<p><span style=\"font-size: revert;\">EM CONTINUIDADE A ABORDAGEM VERIFICOU-SE TAMB\u00c9M QUE A MOTOCICLETA QUE O CONDUTOR CONDUZIA, ESTAVA COM OS CARACTERES SUPRIMIDOS, N\u00c3O SENDO POSS\u00cdVEL A IDENTIFICA\u00c7\u00c3O DO N\u00daMERO DO CHASSI, NEM DO MOTOR. A PLACA DE IDENTIFICA\u00c7\u00c3O TAMB\u00c9M EST\u00c1 FORA DO PADR\u00c3O DA RESOLU\u00c7\u00c3O CONTRAN N. 372\/2011. PORTANTO , IMPUTADO E MOTOCICLETA FORAM CONDUZIDOS A DP DE PLANT\u00c3O PARA QUE FOSSEM TOMADAS AS MEDIDAS CAB\u00cdVEIS AO CASO. N\u00c3O FOI NECESS\u00c1RIO O USO DE FOR\u00c7A POLICIAL, NEM DE ALGEMAS. \u00a0<\/span><span style=\"font-size: revert;\">VEICULO <\/span><span style=\"font-size: revert;\">HONDA CG 150 FAN ESI, de cor VERMELHA<\/span><\/p>\n","protected":false},"excerpt":{"rendered":"<p>Durante a execu\u00e7\u00e3o da Opera\u00e7\u00e3o Dia D na rua Joaquim Manoel de Macedo, no bairro Salgado, em Caruaru, foi montada&hellip;<\/p>\n","protected":false},"author":1,"featured_media":107908,"comment_status":"closed","ping_status":"open","sticky":false,"template":"","format":"standard","meta":{"footnotes":""},"categories":[14121],"tags":[29440,27410,2,28801,30371],"class_list":["post-107907","post","type-post","status-publish","format-standard","has-post-thumbnail","hentry","category-policial","tag-blog-com-mais-visualizacao","tag-blog-de-caruaru","tag-blog-do-edvaldo-magalhaes","tag-blog-mais-acessado","tag-operacao-dia-d-prende-condutor-por-embriaguez-ao-volante-e-apreende-moto-com-irregularidades-em-caruaru"],"_links":{"self":[{"href":"https:\/\/blogdoedvaldomagalhaes.com.br\/index.php\/wp-json\/wp\/v2\/posts\/107907","targetHints":{"allow":["GET"]}}],"collection":[{"href":"https:\/\/blogdoedvaldomagalhaes.com.br\/index.php\/wp-json\/wp\/v2\/posts"}],"about":[{"href":"https:\/\/blogdoedvaldomagalhaes.com.br\/index.php\/wp-json\/wp\/v2\/types\/post"}],"author":[{"embeddable":true,"href":"https:\/\/blogdoedvaldomagalhaes.com.br\/index.php\/wp-json\/wp\/v2\/users\/1"}],"replies":[{"embeddable":true,"href":"https:\/\/blogdoedvaldomagalhaes.com.br\/index.php\/wp-json\/wp\/v2\/comments?post=107907"}],"version-history":[{"count":2,"href":"https:\/\/blogdoedvaldomagalhaes.com.br\/index.php\/wp-json\/wp\/v2\/posts\/107907\/revisions"}],"predecessor-version":[{"id":107911,"href":"https:\/\/blogdoedvaldomagalhaes.com.br\/index.php\/wp-json\/wp\/v2\/posts\/107907\/revisions\/107911"}],"wp:featuredmedia":[{"embeddable":true,"href":"https:\/\/blogdoedvaldomagalhaes.com.br\/index.php\/wp-json\/wp\/v2\/media\/107908"}],"wp:attachment":[{"href":"https:\/\/blogdoedvaldomagalhaes.com.br\/index.php\/wp-json\/wp\/v2\/media?parent=107907"}],"wp:term":[{"taxonomy":"category","embeddable":true,"href":"https:\/\/blogdoedvaldomagalhaes.com.br\/index.php\/wp-json\/wp\/v2\/categories?post=107907"},{"taxonomy":"post_tag","embeddable":true,"href":"https:\/\/blogdoedvaldomagalhaes.com.br\/index.php\/wp-json\/wp\/v2\/tags?post=107907"}],"curies":[{"name":"wp","href":"https:\/\/api.w.org\/{rel}","templated":true}]}}