{"id":107904,"date":"2024-04-27T11:10:31","date_gmt":"2024-04-27T14:10:31","guid":{"rendered":"https:\/\/blogdoedvaldomagalhaes.com.br\/?p=107904"},"modified":"2024-04-27T11:10:35","modified_gmt":"2024-04-27T14:10:35","slug":"inteligencia-artificial-na-escola-cuidado-com-isso-por-roberto-peixoto","status":"publish","type":"post","link":"https:\/\/blogdoedvaldomagalhaes.com.br\/index.php\/2024\/04\/27\/inteligencia-artificial-na-escola-cuidado-com-isso-por-roberto-peixoto\/","title":{"rendered":"Intelig\u00eancia Artificial na Escola: Cuidado com Isso &#8211; Por Roberto Peixoto"},"content":{"rendered":"<p><span style=\"font-size: revert;\">A nossa condi\u00e7\u00e3o de educador est\u00e1 sempre nos chamando \u00e0 aten\u00e7\u00e3o para o que acontece na escola. A intelig\u00eancia Artificial como ferramenta importante, ainda tem muito a ser discutida sobre o que ela j\u00e1 vem fazendo e poder\u00e1 fazer. Claro que \u00e9 algo cientificamente falando, irrevers\u00edvel. Entretanto, n\u00e3o temos ainda nem dois anos da sua introdu\u00e7\u00e3o e j\u00e1 est\u00e3o querendo empurrar nas escolas como algo apenas moderno sem que seja analisado o seu lado modernoso<\/span><\/p>\n<p>A Secretaria de Educa\u00e7\u00e3o do Estado de S\u00e3o Paulo \u00e9 quem mais tem investido nessa proposta. Primeiro, foi com a informa\u00e7\u00e3o de que o material did\u00e1tico usado por professores e alunos \u00e9 dado como certo. Ser\u00e1 que n\u00e3o h\u00e1 o devido conhecimento de que qualquer tipo de material utilizado em uma escola por educadores e educandos, necessariamente precisa ser alinhado ao Curr\u00edculo?<br \/>\nA mesma Secretaria que j\u00e1 havia anunciado que usaria o ChatGPT,-para produzir aulas digitais &#8211; afirma atrav\u00e9s do seu Secret\u00e1rio, Prof. Renato Feder, que os professores da Rede Estadual de ensino receber\u00e3o o \u2018refor\u00e7o\u2019 do &#8220;fluenc\u00edmetro&#8221;, ferramenta que utiliza intelig\u00eancia artificial para analisar a flu\u00eancia leitora dos alunos. Essa tecnologia se soma a v\u00e1rios aplicativos que v\u00eam sendo adotados para diferentes fins na rede estadual.<br \/>\nEssa n\u00e3o \u00e9 a \u00fanica inova\u00e7\u00e3o tecnol\u00f3gica proposta por essa gest\u00e3o. Na quarta-feira (24), o secret\u00e1rio anunciou o &#8220;fluenc\u00edmetro&#8221;, ferramenta que tamb\u00e9m utiliza intelig\u00eancia artificial para verificar a flu\u00eancia leitora dos alunos. Essa \u00e9 mais uma tecnologia que ocupa as preocupa\u00e7\u00f5es administrativas e pedag\u00f3gicas do Governo de Tarc\u00edsio de Freitas. Fala-se que h\u00e1 v\u00e1rios aplicativos que v\u00eam sendo adotados para diferentes fins naquela Rede Estadual.<br \/>\nSabemos que existe um alinhamento, uma tend\u00eancia global para ado\u00e7\u00e3o das novas tecnologias em larga escala. Isso \u00e9 visto como normal. Entretanto, o que nos chama muito \u00e0 aten\u00e7\u00e3o \u00e9 a pressa, a n\u00e3o escuta e participa\u00e7\u00e3o docente nessas decis\u00f5es. \u00c9 apenas o MERCADO quem dita o que tem que ser feito com o dinheiro p\u00fablico? Mexendo de forma abrupta com algo t\u00e3o importante, sens\u00edvel e processual que o ato de educar!<br \/>\nUsada de forma correta, com a devida forma\u00e7\u00e3o profissional continuada dos educadores, a ferramenta pode auxiliar \u2014n\u00e3o substituir\u2014 o trabalho docente. Por isso mesmo \u00e9 necess\u00e1rio manter a autonomia dos profissionais, com a valoriza\u00e7\u00e3o de sua an\u00e1lise cr\u00edtica.<br \/>\nO que que n\u00e3o pode ser ignorado \u00e9 que os professores, como tantos outros profissionais, j\u00e1 est\u00e3o usando essas ferramentas, at\u00e9 mesmo, para planejar suas aulas. A preocupa\u00e7\u00e3o maior \u00e9 a incorpora\u00e7\u00e3o das novas tecnologias que n\u00e3o deva ser apenas como inova\u00e7\u00e3o, motivos para comprar matr\u00edculas na rede privada ou impor na pol\u00edtica p\u00fablica apenas algo como \u2018modismo inovador pedag\u00f3gico\u2019, mas uma necessidade para alinhar diretrizes e buscar fazer educa\u00e7\u00e3o com seriedade o que n\u00e3o ESTAMOS ACOSTUMADOS A VER.<br \/>\nRoberto Peixoto \u00e9 educador em Caruaru.<br \/>\nR.P. Assessoria &amp; Consultoria Pedag\u00f3gica<br \/>\nContato (81) 99231. 8354<\/p>\n<p>Os ingleses descobrem o futebol, o Brasil durante um tempo pratica o melhor do mundo, e os portugueses, agora exportam t\u00e9cnicos para o Brasil. Foto: Divulga\u00e7\u00e3o<\/p>\n<p>Seja seguidor do Instagram do Blog @blogdoedvaldomagalhaes<\/p>\n","protected":false},"excerpt":{"rendered":"<p>A nossa condi\u00e7\u00e3o de educador est\u00e1 sempre nos chamando \u00e0 aten\u00e7\u00e3o para o que acontece na escola. A intelig\u00eancia Artificial&hellip;<\/p>\n","protected":false},"author":1,"featured_media":107905,"comment_status":"closed","ping_status":"open","sticky":false,"template":"","format":"standard","meta":{"footnotes":""},"categories":[14120],"tags":[29440,27410,2,28801,3406,30370],"class_list":["post-107904","post","type-post","status-publish","format-standard","has-post-thumbnail","hentry","category-noticias","tag-blog-com-mais-visualizacao","tag-blog-de-caruaru","tag-blog-do-edvaldo-magalhaes","tag-blog-mais-acessado","tag-caruaru","tag-inteligencia-artificial-na-escola-cuidado-com-isso-por-roberto-peixoto"],"_links":{"self":[{"href":"https:\/\/blogdoedvaldomagalhaes.com.br\/index.php\/wp-json\/wp\/v2\/posts\/107904","targetHints":{"allow":["GET"]}}],"collection":[{"href":"https:\/\/blogdoedvaldomagalhaes.com.br\/index.php\/wp-json\/wp\/v2\/posts"}],"about":[{"href":"https:\/\/blogdoedvaldomagalhaes.com.br\/index.php\/wp-json\/wp\/v2\/types\/post"}],"author":[{"embeddable":true,"href":"https:\/\/blogdoedvaldomagalhaes.com.br\/index.php\/wp-json\/wp\/v2\/users\/1"}],"replies":[{"embeddable":true,"href":"https:\/\/blogdoedvaldomagalhaes.com.br\/index.php\/wp-json\/wp\/v2\/comments?post=107904"}],"version-history":[{"count":1,"href":"https:\/\/blogdoedvaldomagalhaes.com.br\/index.php\/wp-json\/wp\/v2\/posts\/107904\/revisions"}],"predecessor-version":[{"id":107906,"href":"https:\/\/blogdoedvaldomagalhaes.com.br\/index.php\/wp-json\/wp\/v2\/posts\/107904\/revisions\/107906"}],"wp:featuredmedia":[{"embeddable":true,"href":"https:\/\/blogdoedvaldomagalhaes.com.br\/index.php\/wp-json\/wp\/v2\/media\/107905"}],"wp:attachment":[{"href":"https:\/\/blogdoedvaldomagalhaes.com.br\/index.php\/wp-json\/wp\/v2\/media?parent=107904"}],"wp:term":[{"taxonomy":"category","embeddable":true,"href":"https:\/\/blogdoedvaldomagalhaes.com.br\/index.php\/wp-json\/wp\/v2\/categories?post=107904"},{"taxonomy":"post_tag","embeddable":true,"href":"https:\/\/blogdoedvaldomagalhaes.com.br\/index.php\/wp-json\/wp\/v2\/tags?post=107904"}],"curies":[{"name":"wp","href":"https:\/\/api.w.org\/{rel}","templated":true}]}}