{"id":107901,"date":"2024-04-27T10:47:26","date_gmt":"2024-04-27T13:47:26","guid":{"rendered":"https:\/\/blogdoedvaldomagalhaes.com.br\/?p=107901"},"modified":"2024-04-27T10:47:27","modified_gmt":"2024-04-27T13:47:27","slug":"luto-na-comunicacao-morre-cleo-niceas-um-dos-fundadores-da-asserpe","status":"publish","type":"post","link":"https:\/\/blogdoedvaldomagalhaes.com.br\/index.php\/2024\/04\/27\/luto-na-comunicacao-morre-cleo-niceas-um-dos-fundadores-da-asserpe\/","title":{"rendered":"Luto na Comunica\u00e7\u00e3o: Morre Cl\u00e9o Nic\u00e9as um dos fundadores da Asserpe"},"content":{"rendered":"<p>Morreu na madrugada deste s\u00e1bado, aos 76 anos, Cl\u00e9o Nic\u00e9as, ap\u00f3s enfrentar um c\u00e2ncer no f\u00edgado. Com uma hist\u00f3ria importante na comunica\u00e7\u00e3o de Pernambuco, ele foi um dos fundadores e presidente da Associa\u00e7\u00e3o das Empresas de R\u00e1dio e Televis\u00e3o de Pernambuco (ASSERPE ), al\u00e9m de diretor da Globo Recife por 17 anos<br \/>\nA ASSERPE,  Associa\u00e7\u00e3o das Empresas de R\u00e1dio e Televis\u00e3o de Pernambuco, e o SERTEPE, Sindicato das Empresas de R\u00e1dio e Televis\u00e3o de Pernambuco lamentam profundamente o falecimento de Cl\u00e9o Nic\u00e9as,  aos 76 anos.<\/p>\n<p>Cl\u00e9o foi um dos fundadores da ASSERPE,  marcado por seu esp\u00edrito alegre, pujante, com entusiasmo e dedica\u00e7\u00e3o.<\/p>\n<p>Foi tamb\u00e9m Diretor da Globo Recife por 17 anos e consultor do Grupo Nordeste at\u00e9 hoje, reconhecido por sua personalidade inovadora e pela forma como inspirou o meio.<\/p>\n<p>Presidiu a entidade por tr\u00eas mandatos,  de 2010 a 2019, sendo respons\u00e1vel por marcas e feitos importantes, desde o fortalecimento institucional at\u00e9 a constru\u00e7\u00e3o da mentalidade e formato de representa\u00e7\u00e3o comercial junto aos ve\u00edculos. <\/p>\n<p> \u201cEu sempre tento colocar um pouco dos meus sonhos em tudo o que fa\u00e7o. \u00c9 o que me faz seguir em frente\u201d. <\/p>\n<p>&#8220;De certa forma, a Comunica\u00e7\u00e3o est\u00e1 em minha vida desde que eu nasci&#8221;. <\/p>\n<p>&#8220;Eu sonho em ver Pernambuco como um polo poderoso de audiovisual. N\u00e3o apenas de profissionais criativos e competentes, porque isso j\u00e1 est\u00e1 mais do que provado que possu\u00edmos&#8221;.<\/p>\n<p>&#8220;O que n\u00e3o se pode \u00e9 ter medo de tentar. \u00c0s vezes voc\u00ea acerta e \u00e0s vezes voc\u00ea erra. Mas isso faz parte. Nos dois casos, alguma contribui\u00e7\u00e3o voc\u00ea deixa&#8221;. <\/p>\n<p>&#8220;Pode me chamar de sonhador, mas \u00e9 isso mesmo o que eu sou. Sou movido pela emo\u00e7\u00e3o, e \u00e9 por ser apaixonado pelo que fa\u00e7o que me d\u00e1 muito prazer poder continuar trabalhando e ir sempre al\u00e9m&#8221;.<\/p>\n<p>&#8220;Tenho saudades do  futuro&#8221;.<\/p>\n<p>Cl\u00e9o Nic\u00e9as <\/p>\n<p>A ASSERPE aguarda informa\u00e7\u00f5es sobre vel\u00f3rio e sepultamento.<br \/>\nSeja seguidor do Instagram do Blog @blogdoedvaldomagalhaes<\/p>\n","protected":false},"excerpt":{"rendered":"<p>Morreu na madrugada deste s\u00e1bado, aos 76 anos, Cl\u00e9o Nic\u00e9as, ap\u00f3s enfrentar um c\u00e2ncer no f\u00edgado. Com uma hist\u00f3ria importante&hellip;<\/p>\n","protected":false},"author":1,"featured_media":107902,"comment_status":"closed","ping_status":"open","sticky":false,"template":"","format":"standard","meta":{"footnotes":""},"categories":[14120],"tags":[30253,29440,2,28801,3406,30369],"class_list":["post-107901","post","type-post","status-publish","format-standard","has-post-thumbnail","hentry","category-noticias","tag-blog-caruaru","tag-blog-com-mais-visualizacao","tag-blog-do-edvaldo-magalhaes","tag-blog-mais-acessado","tag-caruaru","tag-luto-na-comunicacao-morre-cleo-niceas-um-dos-fundadores-da-asserpe"],"_links":{"self":[{"href":"https:\/\/blogdoedvaldomagalhaes.com.br\/index.php\/wp-json\/wp\/v2\/posts\/107901","targetHints":{"allow":["GET"]}}],"collection":[{"href":"https:\/\/blogdoedvaldomagalhaes.com.br\/index.php\/wp-json\/wp\/v2\/posts"}],"about":[{"href":"https:\/\/blogdoedvaldomagalhaes.com.br\/index.php\/wp-json\/wp\/v2\/types\/post"}],"author":[{"embeddable":true,"href":"https:\/\/blogdoedvaldomagalhaes.com.br\/index.php\/wp-json\/wp\/v2\/users\/1"}],"replies":[{"embeddable":true,"href":"https:\/\/blogdoedvaldomagalhaes.com.br\/index.php\/wp-json\/wp\/v2\/comments?post=107901"}],"version-history":[{"count":1,"href":"https:\/\/blogdoedvaldomagalhaes.com.br\/index.php\/wp-json\/wp\/v2\/posts\/107901\/revisions"}],"predecessor-version":[{"id":107903,"href":"https:\/\/blogdoedvaldomagalhaes.com.br\/index.php\/wp-json\/wp\/v2\/posts\/107901\/revisions\/107903"}],"wp:featuredmedia":[{"embeddable":true,"href":"https:\/\/blogdoedvaldomagalhaes.com.br\/index.php\/wp-json\/wp\/v2\/media\/107902"}],"wp:attachment":[{"href":"https:\/\/blogdoedvaldomagalhaes.com.br\/index.php\/wp-json\/wp\/v2\/media?parent=107901"}],"wp:term":[{"taxonomy":"category","embeddable":true,"href":"https:\/\/blogdoedvaldomagalhaes.com.br\/index.php\/wp-json\/wp\/v2\/categories?post=107901"},{"taxonomy":"post_tag","embeddable":true,"href":"https:\/\/blogdoedvaldomagalhaes.com.br\/index.php\/wp-json\/wp\/v2\/tags?post=107901"}],"curies":[{"name":"wp","href":"https:\/\/api.w.org\/{rel}","templated":true}]}}