{"id":107897,"date":"2024-04-27T10:30:00","date_gmt":"2024-04-27T13:30:00","guid":{"rendered":"https:\/\/blogdoedvaldomagalhaes.com.br\/?p=107897"},"modified":"2024-04-27T10:31:02","modified_gmt":"2024-04-27T13:31:02","slug":"confira-a-programacao-no-mercado-cultural-casa-rosa-neste-fim-de-semana","status":"publish","type":"post","link":"https:\/\/blogdoedvaldomagalhaes.com.br\/index.php\/2024\/04\/27\/confira-a-programacao-no-mercado-cultural-casa-rosa-neste-fim-de-semana\/","title":{"rendered":"Confira a programa\u00e7\u00e3o no Mercado Cultural Casa Rosa, neste fim de semana"},"content":{"rendered":"<p>Neste fim de semana, v\u00e1rias atra\u00e7\u00f5es musicais ir\u00e3o movimentar o Mercado Cultural Casa Rosa, em Caruaru. O local, que al\u00e9m de ser um ponto de concentra\u00e7\u00e3o da cultura, disp\u00f5e de um ambiente amplo, com excelente estrutura f\u00edsica e espa\u00e7o infantil.<\/p>\n<p>Localizado no Parque 18 de Maio, no cora\u00e7\u00e3o da Feira de Caruaru, o espa\u00e7o funciona aos s\u00e1bados, domingos e feriados, \u00a0das 11h \u00e0s 17h30. O Mercado conta atualmente com 12 estabelecimentos, com servi\u00e7os variados, como: cacha\u00e7aria, cozinha t\u00edpica, tapiocaria, boteco tradicional, petiscaria, al\u00e9m de espa\u00e7os multifuncionais.<\/p>\n<p>Confira a programa\u00e7\u00e3o para este fim de semana:<\/p>\n<p>_S\u00e1bado &#8211; 27 de abril_<br \/>\n11h &#8211; Salom\u00e3o<br \/>\n13h &#8211; 2\u00aa edi\u00e7\u00e3o ensaios de S\u00e3o Jo\u00e3o com Renilda Cardoso e convidados<br \/>\n15h20 &#8211; Elian do Acordeon<\/p>\n<p>_Domingo &#8211; 28 de abril_<br \/>\n11h &#8211; Vav\u00e1 do Acordeon<br \/>\n13h &#8211; Bai\u00e3o de Todos<br \/>\n15h20 &#8211; Wesley do Piseiro<br \/>\nFoto: Divulga\u00e7\u00e3o<br \/>\nSeja seguidor do Instagram do Blog @blogdoedvaldomagalhaes<\/p>\n","protected":false},"excerpt":{"rendered":"<p>Neste fim de semana, v\u00e1rias atra\u00e7\u00f5es musicais ir\u00e3o movimentar o Mercado Cultural Casa Rosa, em Caruaru. O local, que al\u00e9m&hellip;<\/p>\n","protected":false},"author":1,"featured_media":107898,"comment_status":"closed","ping_status":"open","sticky":false,"template":"","format":"standard","meta":{"footnotes":""},"categories":[14120],"tags":[30253,29440,2,28801,3406,30368],"class_list":["post-107897","post","type-post","status-publish","format-standard","has-post-thumbnail","hentry","category-noticias","tag-blog-caruaru","tag-blog-com-mais-visualizacao","tag-blog-do-edvaldo-magalhaes","tag-blog-mais-acessado","tag-caruaru","tag-confira-a-programacao-no-mercado-cultural-casa-rosa-neste-fim-de-semana"],"_links":{"self":[{"href":"https:\/\/blogdoedvaldomagalhaes.com.br\/index.php\/wp-json\/wp\/v2\/posts\/107897","targetHints":{"allow":["GET"]}}],"collection":[{"href":"https:\/\/blogdoedvaldomagalhaes.com.br\/index.php\/wp-json\/wp\/v2\/posts"}],"about":[{"href":"https:\/\/blogdoedvaldomagalhaes.com.br\/index.php\/wp-json\/wp\/v2\/types\/post"}],"author":[{"embeddable":true,"href":"https:\/\/blogdoedvaldomagalhaes.com.br\/index.php\/wp-json\/wp\/v2\/users\/1"}],"replies":[{"embeddable":true,"href":"https:\/\/blogdoedvaldomagalhaes.com.br\/index.php\/wp-json\/wp\/v2\/comments?post=107897"}],"version-history":[{"count":2,"href":"https:\/\/blogdoedvaldomagalhaes.com.br\/index.php\/wp-json\/wp\/v2\/posts\/107897\/revisions"}],"predecessor-version":[{"id":107900,"href":"https:\/\/blogdoedvaldomagalhaes.com.br\/index.php\/wp-json\/wp\/v2\/posts\/107897\/revisions\/107900"}],"wp:featuredmedia":[{"embeddable":true,"href":"https:\/\/blogdoedvaldomagalhaes.com.br\/index.php\/wp-json\/wp\/v2\/media\/107898"}],"wp:attachment":[{"href":"https:\/\/blogdoedvaldomagalhaes.com.br\/index.php\/wp-json\/wp\/v2\/media?parent=107897"}],"wp:term":[{"taxonomy":"category","embeddable":true,"href":"https:\/\/blogdoedvaldomagalhaes.com.br\/index.php\/wp-json\/wp\/v2\/categories?post=107897"},{"taxonomy":"post_tag","embeddable":true,"href":"https:\/\/blogdoedvaldomagalhaes.com.br\/index.php\/wp-json\/wp\/v2\/tags?post=107897"}],"curies":[{"name":"wp","href":"https:\/\/api.w.org\/{rel}","templated":true}]}}