{"id":107894,"date":"2024-04-27T10:13:17","date_gmt":"2024-04-27T13:13:17","guid":{"rendered":"https:\/\/blogdoedvaldomagalhaes.com.br\/?p=107894"},"modified":"2024-04-27T10:13:18","modified_gmt":"2024-04-27T13:13:18","slug":"segundo-fim-de-semana-do-sao-joao-na-roca-leva-centenas-de-forrozeiros-a-vila-murici","status":"publish","type":"post","link":"https:\/\/blogdoedvaldomagalhaes.com.br\/index.php\/2024\/04\/27\/segundo-fim-de-semana-do-sao-joao-na-roca-leva-centenas-de-forrozeiros-a-vila-murici\/","title":{"rendered":"Segundo fim de semana do S\u00e3o Jo\u00e3o na Ro\u00e7a leva centenas de forrozeiros \u00e0 Vila Murici"},"content":{"rendered":"<p>O segundo fim de semana do S\u00e3o Jo\u00e3o na Ro\u00e7a ressaltou ainda mais o que todo o mundo j\u00e1 sabe: o Maior e Melhor S\u00e3o Jo\u00e3o \u00e9 realizado em Caruaru. Nesta sexta-feira (26), a festa chegou \u00e0 Vila do Murici, atraindo centenas de forrozeiros e forrozeiras. No p\u00fablico, o destaque ficou por conta dos casais apaixonados, que marcaram presen\u00e7a em peso em frente ao palco. <\/p>\n<p>Para al\u00e9m dos casais, a Vila do Murici se preparou exatamente como os festejos mais tradicionais: com barracas de tiro ao alvo e de diversas comidas t\u00edpicas, e brinquedos para as crian\u00e7as aproveitarem. Tamb\u00e9m estiveram presentes algumas das empreendedoras que s\u00e3o assistidas pela Secretaria de Pol\u00edticas para Mulheres (SPM). \u00c9 importante ressaltar que os comerciantes da comunidade est\u00e3o marcando presen\u00e7a a cada S\u00e3o Jo\u00e3o na Ro\u00e7a, como forma de fazer a economia girar na localidade rural. <\/p>\n<p>A noite come\u00e7ou com as apresenta\u00e7\u00f5es itinerantes do Ballet Cia Marcos Mercury, do Batalh\u00e3o de Bacamarteiros 21 e da Quadrilha Tradicional Arrasta P\u00e9. Em seguida, os presentes dan\u00e7aram muito forr\u00f3 ao som do Trio Quent\u00e3o, Banda Cheiro da Terra e Beto Hortis. <\/p>\n<p>\u201cO S\u00e3o Jo\u00e3o 2024 j\u00e1 \u00e9 um verdadeiro sucesso. E tudo isso \u00e9 feito com a maestria do prefeito Rodrigo Pinheiro, um gestor que valoriza a nossa cultura. A programa\u00e7\u00e3o do S\u00e3o Jo\u00e3o na Ro\u00e7a \u00e9 100% forr\u00f3 e com 80% dos artistas de Caruaru. Ainda vem muito mais at\u00e9 o m\u00eas de junho\u201d, disse o presidente da Funda\u00e7\u00e3o de Cultura, H\u00e9rlon Cavalcanti. Foto:Jorge Farias<br \/>\nSeja seguidor do Instagram do Blog @blogdoedvaldomagalhaes<\/p>\n","protected":false},"excerpt":{"rendered":"<p>O segundo fim de semana do S\u00e3o Jo\u00e3o na Ro\u00e7a ressaltou ainda mais o que todo o mundo j\u00e1 sabe:&hellip;<\/p>\n","protected":false},"author":1,"featured_media":107895,"comment_status":"closed","ping_status":"open","sticky":false,"template":"","format":"standard","meta":{"footnotes":""},"categories":[14120],"tags":[29440,27410,2,28801,3406,30367],"class_list":["post-107894","post","type-post","status-publish","format-standard","has-post-thumbnail","hentry","category-noticias","tag-blog-com-mais-visualizacao","tag-blog-de-caruaru","tag-blog-do-edvaldo-magalhaes","tag-blog-mais-acessado","tag-caruaru","tag-segundo-fim-de-semana-do-sao-joao-na-roca-leva-centenas-de-forrozeiros-a-vila-do-murici"],"_links":{"self":[{"href":"https:\/\/blogdoedvaldomagalhaes.com.br\/index.php\/wp-json\/wp\/v2\/posts\/107894","targetHints":{"allow":["GET"]}}],"collection":[{"href":"https:\/\/blogdoedvaldomagalhaes.com.br\/index.php\/wp-json\/wp\/v2\/posts"}],"about":[{"href":"https:\/\/blogdoedvaldomagalhaes.com.br\/index.php\/wp-json\/wp\/v2\/types\/post"}],"author":[{"embeddable":true,"href":"https:\/\/blogdoedvaldomagalhaes.com.br\/index.php\/wp-json\/wp\/v2\/users\/1"}],"replies":[{"embeddable":true,"href":"https:\/\/blogdoedvaldomagalhaes.com.br\/index.php\/wp-json\/wp\/v2\/comments?post=107894"}],"version-history":[{"count":1,"href":"https:\/\/blogdoedvaldomagalhaes.com.br\/index.php\/wp-json\/wp\/v2\/posts\/107894\/revisions"}],"predecessor-version":[{"id":107896,"href":"https:\/\/blogdoedvaldomagalhaes.com.br\/index.php\/wp-json\/wp\/v2\/posts\/107894\/revisions\/107896"}],"wp:featuredmedia":[{"embeddable":true,"href":"https:\/\/blogdoedvaldomagalhaes.com.br\/index.php\/wp-json\/wp\/v2\/media\/107895"}],"wp:attachment":[{"href":"https:\/\/blogdoedvaldomagalhaes.com.br\/index.php\/wp-json\/wp\/v2\/media?parent=107894"}],"wp:term":[{"taxonomy":"category","embeddable":true,"href":"https:\/\/blogdoedvaldomagalhaes.com.br\/index.php\/wp-json\/wp\/v2\/categories?post=107894"},{"taxonomy":"post_tag","embeddable":true,"href":"https:\/\/blogdoedvaldomagalhaes.com.br\/index.php\/wp-json\/wp\/v2\/tags?post=107894"}],"curies":[{"name":"wp","href":"https:\/\/api.w.org\/{rel}","templated":true}]}}