{"id":107891,"date":"2024-04-27T09:53:15","date_gmt":"2024-04-27T12:53:15","guid":{"rendered":"https:\/\/blogdoedvaldomagalhaes.com.br\/?p=107891"},"modified":"2024-04-27T09:53:16","modified_gmt":"2024-04-27T12:53:16","slug":"prf-apreende-cocaina-dentro-de-painel-de-carro-na-br-232","status":"publish","type":"post","link":"https:\/\/blogdoedvaldomagalhaes.com.br\/index.php\/2024\/04\/27\/prf-apreende-cocaina-dentro-de-painel-de-carro-na-br-232\/","title":{"rendered":"PRF apreende coca\u00edna dentro de painel de carro na BR 232"},"content":{"rendered":"<p>Um homem que transportava 2,2 Kg de coca\u00edna e um carregador de pistola 9mm foi detido, na madrugada deste s\u00e1bado (27), na BR 232, em Serra Talhada, no Sert\u00e3o de Pernambuco. A droga foi apreendida pela Pol\u00edcia Rodovi\u00e1ria Federal (PRF) dentro do painel de um carro, que estava em nome de outra pessoa.<\/p>\n<p>Policiais realizavam uma fiscaliza\u00e7\u00e3o no posto da PRF de Serra Talhada,  quando observaram um ve\u00edculo com o farol alto, em um trecho da rodovia dotada de ilumina\u00e7\u00e3o p\u00fablica. Durante a abordagem, o motorista alegou que havia sa\u00eddo de S\u00e3o Paulo h\u00e1 poucos dias e que trabalhava com o transporte de passageiros por aplicativo.<\/p>\n<p>Ao verificar o interior do carro, a equipe percebeu que o compartimento do air bag estava danificado e havia um compartimento fora do padr\u00e3o, embaixo do porta-luvas, onde foi encontrado um carregador de pistola. Ao ser questionado se havia mais algum il\u00edcito no autom\u00f3vel, o motorista admitiu que estava transportando dois tabletes de coca\u00edna escondidos no painel.<\/p>\n<p>O homem disse ainda que havia sido contratado para transportar a droga e que iria fazer a entrega do material em Recife. Ele foi encaminhado \u00e0 Delegacia de Pol\u00edcia Civil de Serra Talhada e poder\u00e1 responder por trafico de drogas. Foto: Divulga\u00e7\u00e3o\/PRF<br \/>\nSeja seguidor do Instagram do Blog @blogdoedvaldomagalhaes<\/p>\n","protected":false},"excerpt":{"rendered":"<p>Um homem que transportava 2,2 Kg de coca\u00edna e um carregador de pistola 9mm foi detido, na madrugada deste s\u00e1bado&hellip;<\/p>\n","protected":false},"author":1,"featured_media":107892,"comment_status":"closed","ping_status":"open","sticky":false,"template":"","format":"standard","meta":{"footnotes":""},"categories":[14121],"tags":[29440,27410,2,28801,3406,30366],"class_list":["post-107891","post","type-post","status-publish","format-standard","has-post-thumbnail","hentry","category-policial","tag-blog-com-mais-visualizacao","tag-blog-de-caruaru","tag-blog-do-edvaldo-magalhaes","tag-blog-mais-acessado","tag-caruaru","tag-prf-apreende-cocaina-dentro-de-painel-de-carro-na-br-232"],"_links":{"self":[{"href":"https:\/\/blogdoedvaldomagalhaes.com.br\/index.php\/wp-json\/wp\/v2\/posts\/107891","targetHints":{"allow":["GET"]}}],"collection":[{"href":"https:\/\/blogdoedvaldomagalhaes.com.br\/index.php\/wp-json\/wp\/v2\/posts"}],"about":[{"href":"https:\/\/blogdoedvaldomagalhaes.com.br\/index.php\/wp-json\/wp\/v2\/types\/post"}],"author":[{"embeddable":true,"href":"https:\/\/blogdoedvaldomagalhaes.com.br\/index.php\/wp-json\/wp\/v2\/users\/1"}],"replies":[{"embeddable":true,"href":"https:\/\/blogdoedvaldomagalhaes.com.br\/index.php\/wp-json\/wp\/v2\/comments?post=107891"}],"version-history":[{"count":1,"href":"https:\/\/blogdoedvaldomagalhaes.com.br\/index.php\/wp-json\/wp\/v2\/posts\/107891\/revisions"}],"predecessor-version":[{"id":107893,"href":"https:\/\/blogdoedvaldomagalhaes.com.br\/index.php\/wp-json\/wp\/v2\/posts\/107891\/revisions\/107893"}],"wp:featuredmedia":[{"embeddable":true,"href":"https:\/\/blogdoedvaldomagalhaes.com.br\/index.php\/wp-json\/wp\/v2\/media\/107892"}],"wp:attachment":[{"href":"https:\/\/blogdoedvaldomagalhaes.com.br\/index.php\/wp-json\/wp\/v2\/media?parent=107891"}],"wp:term":[{"taxonomy":"category","embeddable":true,"href":"https:\/\/blogdoedvaldomagalhaes.com.br\/index.php\/wp-json\/wp\/v2\/categories?post=107891"},{"taxonomy":"post_tag","embeddable":true,"href":"https:\/\/blogdoedvaldomagalhaes.com.br\/index.php\/wp-json\/wp\/v2\/tags?post=107891"}],"curies":[{"name":"wp","href":"https:\/\/api.w.org\/{rel}","templated":true}]}}