{"id":107886,"date":"2024-04-27T09:11:05","date_gmt":"2024-04-27T12:11:05","guid":{"rendered":"https:\/\/blogdoedvaldomagalhaes.com.br\/?p=107886"},"modified":"2024-04-27T11:47:07","modified_gmt":"2024-04-27T14:47:07","slug":"governo-divulga-edital-para-concurso-publico-da-policia-cientifica-com-213-vagas","status":"publish","type":"post","link":"https:\/\/blogdoedvaldomagalhaes.com.br\/index.php\/2024\/04\/27\/governo-divulga-edital-para-concurso-publico-da-policia-cientifica-com-213-vagas\/","title":{"rendered":"Governo divulga edital para concurso p\u00fablico da Pol\u00edcia Cient\u00edfica com 213 vagas"},"content":{"rendered":"<p>O Governo de Pernambuco divulgou, no Di\u00e1rio Oficial do Estado deste s\u00e1bado (27), o edital do concurso p\u00fablico da Pol\u00edcia Cient\u00edfica de Pernambuco, com 213 vagas. O documento contendo as informa\u00e7\u00f5es da sele\u00e7\u00e3o tamb\u00e9m estar\u00e1 dispon\u00edvel no site do Instituto AOCP, banca organizadora do certame, no www.institutoaocp.org.br. As inscri\u00e7\u00f5es podem ser realizadas a partir desta segunda-feira (29) e seguem at\u00e9 o dia 3 de junho.<\/p>\n<p>A realiza\u00e7\u00e3o de concursos p\u00fablicos na \u00e1rea da seguran\u00e7a p\u00fablica \u00e9 uma das estrat\u00e9gias do Juntos pela Seguran\u00e7a para a redu\u00e7\u00e3o dos \u00edndices de viol\u00eancia no Estado. \u201cGradativamente, n\u00f3s estamos garantindo refor\u00e7o nos quadros das for\u00e7as de seguran\u00e7a de Pernambuco, especificamente da Pol\u00edcia Cient\u00edfica, que \u00e9 um bra\u00e7o essencial na investiga\u00e7\u00e3o e elucida\u00e7\u00e3o dos crimes. Essa \u00e9 uma medida importante para que a gente consiga oferecer \u00e0 popula\u00e7\u00e3o um estado mais seguro\u201d, afirmou a governadora Raquel Lyra.<\/p>\n<p>Das vagas abertas neste concurso, 76 s\u00e3o para o cargo de agente de medicina legal, 60 para m\u00e9dico legista e 77 para perito criminal. As provas ser\u00e3o realizadas no Recife, no dia 21 de julho. <\/p>\n<p>De acordo com a secret\u00e1ria de Administra\u00e7\u00e3o, Ana Mara\u00edza, o Estado ganhar\u00e1 mais um refor\u00e7o na seguran\u00e7a p\u00fablica com a realiza\u00e7\u00e3o de mais um concurso. \u201cNossa gest\u00e3o est\u00e1 empenhada em promover concursos que fortale\u00e7am o Programa Juntos Pela Seguran\u00e7a e dessa forma trazer mais benef\u00edcios para toda a popula\u00e7\u00e3o\u201d, afirmou. <\/p>\n<p>BANCA &#8211; A empresa respons\u00e1vel pela elabora\u00e7\u00e3o do concurso, o Instituto AOCP, \u00e9 uma associa\u00e7\u00e3o civil de car\u00e1ter assistencial e educacional com atua\u00e7\u00e3o em concursos p\u00fablicos federais, estaduais e municipais.<\/p>\n<p>OUTROS CONCURSOS &#8211; Desde o in\u00edcio da atual gest\u00e3o, em janeiro do ano passado, o Governo j\u00e1 anunciou concursos para 5.250 vagas para a Pol\u00edcia Militar e 660 vagas para o Corpo de Bombeiros Militar. O concurso para a Pol\u00edcia Civil, por sua vez, prev\u00ea 445 vagas, que podem chegar ao dobro, de acordo com aditivo ao edital publicado posteriormente.<br \/>\nFoto: Divulga\u00e7\u00e3o<br \/>\nSeja seguidor do Instagram do Blog @blogdoedvaldomagalhaes<\/p>\n","protected":false},"excerpt":{"rendered":"<p>O Governo de Pernambuco divulgou, no Di\u00e1rio Oficial do Estado deste s\u00e1bado (27), o edital do concurso p\u00fablico da Pol\u00edcia&hellip;<\/p>\n","protected":false},"author":1,"featured_media":107887,"comment_status":"closed","ping_status":"open","sticky":false,"template":"","format":"standard","meta":{"footnotes":""},"categories":[14122],"tags":[29440,27410,2,28801,3406,30364],"class_list":["post-107886","post","type-post","status-publish","format-standard","has-post-thumbnail","hentry","category-politica","tag-blog-com-mais-visualizacao","tag-blog-de-caruaru","tag-blog-do-edvaldo-magalhaes","tag-blog-mais-acessado","tag-caruaru","tag-governo-divulga-edital-para-concurso-publico-da-policia-cientifica-com-213-vagas"],"_links":{"self":[{"href":"https:\/\/blogdoedvaldomagalhaes.com.br\/index.php\/wp-json\/wp\/v2\/posts\/107886","targetHints":{"allow":["GET"]}}],"collection":[{"href":"https:\/\/blogdoedvaldomagalhaes.com.br\/index.php\/wp-json\/wp\/v2\/posts"}],"about":[{"href":"https:\/\/blogdoedvaldomagalhaes.com.br\/index.php\/wp-json\/wp\/v2\/types\/post"}],"author":[{"embeddable":true,"href":"https:\/\/blogdoedvaldomagalhaes.com.br\/index.php\/wp-json\/wp\/v2\/users\/1"}],"replies":[{"embeddable":true,"href":"https:\/\/blogdoedvaldomagalhaes.com.br\/index.php\/wp-json\/wp\/v2\/comments?post=107886"}],"version-history":[{"count":1,"href":"https:\/\/blogdoedvaldomagalhaes.com.br\/index.php\/wp-json\/wp\/v2\/posts\/107886\/revisions"}],"predecessor-version":[{"id":107888,"href":"https:\/\/blogdoedvaldomagalhaes.com.br\/index.php\/wp-json\/wp\/v2\/posts\/107886\/revisions\/107888"}],"wp:featuredmedia":[{"embeddable":true,"href":"https:\/\/blogdoedvaldomagalhaes.com.br\/index.php\/wp-json\/wp\/v2\/media\/107887"}],"wp:attachment":[{"href":"https:\/\/blogdoedvaldomagalhaes.com.br\/index.php\/wp-json\/wp\/v2\/media?parent=107886"}],"wp:term":[{"taxonomy":"category","embeddable":true,"href":"https:\/\/blogdoedvaldomagalhaes.com.br\/index.php\/wp-json\/wp\/v2\/categories?post=107886"},{"taxonomy":"post_tag","embeddable":true,"href":"https:\/\/blogdoedvaldomagalhaes.com.br\/index.php\/wp-json\/wp\/v2\/tags?post=107886"}],"curies":[{"name":"wp","href":"https:\/\/api.w.org\/{rel}","templated":true}]}}