{"id":107882,"date":"2024-04-26T20:29:35","date_gmt":"2024-04-26T23:29:35","guid":{"rendered":"https:\/\/blogdoedvaldomagalhaes.com.br\/?p=107882"},"modified":"2024-04-26T20:29:36","modified_gmt":"2024-04-26T23:29:36","slug":"cuida-pe-governadora-raquel-lyra-entrega-24-vans-para-transporte-de-pacientes-que-precisam-de-cirurgias-eletivas-no-estado","status":"publish","type":"post","link":"https:\/\/blogdoedvaldomagalhaes.com.br\/index.php\/2024\/04\/26\/cuida-pe-governadora-raquel-lyra-entrega-24-vans-para-transporte-de-pacientes-que-precisam-de-cirurgias-eletivas-no-estado\/","title":{"rendered":"Cuida PE: governadora Raquel Lyra entrega 24 vans para transporte de pacientes que precisam de cirurgias eletivas no Estado"},"content":{"rendered":"<p>Pernambuco passa a contar com 24 vans para compor a operacionaliza\u00e7\u00e3o do programa Cuida PE. Os ve\u00edculos foram entregues pela governadora Raquel Lyra em solenidade realizada no Pal\u00e1cio do Campo das Princesas nesta sexta-feira (26). Os autom\u00f3veis ser\u00e3o utilizados no \u00e2mbito da Secretaria Estadual de Sa\u00fade (SES-PE) no transporte dos pacientes contemplados pela iniciativa que precisam fazer exames, consultas ou procedimentos na rede estadual de sa\u00fade.<\/p>\n<p>\u201cAtrav\u00e9s do programa Cuida PE estamos entregando as vans para garantir a estrutura do Estado na presta\u00e7\u00e3o do melhor servi\u00e7o aos pacientes. Eles v\u00e3o poder fazer seus exames, cirurgias e consultas tendo o direito de chegar ao destino e voltar para casa com tranquilidade. Nosso objetivo \u00e9 assegurar mais cidadania e dignidade aos nossos pacientes e poder reduzir as filas na nossa rede de sa\u00fade\u201d, destacou a governadora Raquel Lyra.<\/p>\n<p>A secret\u00e1ria de Sa\u00fade, Zilda Cavalcanti, destacou o empenho no refor\u00e7o do programa e a otimiza\u00e7\u00e3o do acesso do usu\u00e1rio \u00e0 rede p\u00fablica. \u201cQuando falamos do Cuida PE, a gente n\u00e3o fala s\u00f3 de cirurgia eletiva, a gente fala tamb\u00e9m de exames, de procedimentos e a gente sabe que existe um absente\u00edsmo muito grande nas unidades porque os munic\u00edpios t\u00eam dificuldade de viabilizar o transporte. Ent\u00e3o a gente vai otimizar e usar melhor o recurso que j\u00e1 existe nas unidades de especialidade, nas UPAEs e nos hospitais regionais para as cirurgias\u201d, frisou Zilda Cavalcanti.<\/p>\n<p>Os ve\u00edculos ir\u00e3o ficar sob a supervis\u00e3o das 12 Ger\u00eancias Regionais de Sa\u00fade do Estado (Geres), que tamb\u00e9m ser\u00e3o respons\u00e1veis pela condu\u00e7\u00e3o dos pacientes, a princ\u00edpio, para as Unidades Pernambucanas de Atendimento Especializado (UPAEs). \u201cEssa entrega faz parte da prioridade da governadora, que \u00e9 a regionaliza\u00e7\u00e3o, o fortalecimento das regi\u00f5es de sa\u00fade. Os transportes sanit\u00e1rios v\u00eam fortalecer ainda mais as 12 ger\u00eancias\u201d, disse Camilla de Sena, gerente regional de sa\u00fade.<\/p>\n<p>A divis\u00e3o dos ve\u00edculos para as Geres seguiu crit\u00e9rios de dimens\u00e3o geogr\u00e1fica e popula\u00e7\u00e3o, al\u00e9m das cotas de agendamentos de cada cidade e a vis\u00e3o do Planejamento Regional Integrado (PRI), permitindo destinar uma quantidade semelhante para cada uma das quatro Macrorregi\u00f5es de Sa\u00fade.<\/p>\n<p>Para a deputada estadual Socorro Pimentel, as entregas s\u00e3o sinais de alegria e satisfa\u00e7\u00e3o. \u201cHoje, com o Cuida PE, a demanda reprimida est\u00e1 sendo reduzida, as dist\u00e2ncias encurtadas e os servi\u00e7os especializados ampliados\u201d, registrou. O prefeito de Riacho das Almas, Di\u00f3 Filho, disse que \u201cesses ve\u00edculos v\u00e3o se somar aos esfor\u00e7os para diminuir a dist\u00e2ncia para os pacientes que precisam realizar os procedimentos\u201d.<\/p>\n<p>Assim, a divis\u00e3o por macrorregi\u00e3o ficou da seguinte forma: 2 vans nas I, II e III Geres, cada uma, e 1 para a XII Geres, totalizando 7 ve\u00edculos para a I Macrorregi\u00e3o. A IV e V Geres receber\u00e3o, cada, 3 unidades, totalizando 6 vans para a II Macrorregi\u00e3o. Para a III Macro, foram destinados 6 meios de transporte, sendo 3 para a VI Geres, 1 para a X Geres e 2 para a XI Geres. Por fim, 5 ve\u00edculos ser\u00e3o enviados para a IV Macro, sendo 1 para VII Geres, enquanto as VIII e IX Geres receber\u00e3o 2 unidades cada.<\/p>\n<p>*Perspectiva de procedimentos*<\/p>\n<p>Em 2024, a SES-PE prev\u00ea a realiza\u00e7\u00e3o de 19.312 procedimentos cir\u00fargicos, em 26 unidades geridas pelo Estado, al\u00e9m de 27.350 em 58 munic\u00edpios que aderiram ao Programa Nacional de Redu\u00e7\u00e3o de Filas, chegando a um total de 46.662 cirurgias at\u00e9 o in\u00edcio de 2025. Neste ano, junto ao Minist\u00e9rio da Sa\u00fade, foram pactuados, aproximadamente, o montante de R$ 55 milh\u00f5es de incremento para o projeto, divididos em 59% da gest\u00e3o municipal e 41% da gest\u00e3o estadual.<\/p>\n<p>A SES-PE, no ano de 2023, realizou 11.041 procedimentos cir\u00fargicos no Estado de Pernambuco. Os 39 munic\u00edpios credenciados no Programa Nacional de Redu\u00e7\u00e3o de Filas, \u00e0 \u00e9poca, realizaram 19.811 opera\u00e7\u00f5es.<\/p>\n<p>Estavam tamb\u00e9m presentes na cerim\u00f4nia o deputado estadual Luciano Duque, os secret\u00e1rios estaduais T\u00falio Vila\u00e7a (Casa Civil), coronel Herc\u00edlio Mamede (Casa Militar), Rodolfo Costa Pinto (Comunica\u00e7\u00e3o), Ivaneide Dantas (Educa\u00e7\u00e3o e Esportes), Alessandro Carvalho (Defesa Social), Diogo Bezerra (Mobilidade e Infraestrutura), Cacau de Paula (Cultura), Zilda Cavalcanti (Sa\u00fade), Daniel Coelho (Turismo e Lazer), C\u00edcero Moraes (Desenvolvimento Agr\u00e1rio, Agricultura, Pecu\u00e1ria e Pesca) e Ana Mara\u00edza (Administra\u00e7\u00e3o). Ainda acompanharam o evento a reitora da UPE, Maria do Socorro Cavalcanti, gerentes de sa\u00fade e prefeitos.<br \/>\nFoto: Hes\u00edodo G\u00f3es\/Secom<br \/>\nSeja seguidor do Instagram do Blog @blogdoedvaldomagalhaes<\/p>\n","protected":false},"excerpt":{"rendered":"<p>Pernambuco passa a contar com 24 vans para compor a operacionaliza\u00e7\u00e3o do programa Cuida PE. Os ve\u00edculos foram entregues pela&hellip;<\/p>\n","protected":false},"author":1,"featured_media":107884,"comment_status":"closed","ping_status":"open","sticky":false,"template":"","format":"standard","meta":{"footnotes":""},"categories":[14120],"tags":[30253,29440,2,28801,30363,20],"class_list":["post-107882","post","type-post","status-publish","format-standard","has-post-thumbnail","hentry","category-noticias","tag-blog-caruaru","tag-blog-com-mais-visualizacao","tag-blog-do-edvaldo-magalhaes","tag-blog-mais-acessado","tag-cuida-pe-governadora-raquel-lyra-entrega-24-vans-para-transporte-de-pacientes-que-precisam-de-cirurgias-eletivas-no-estado","tag-politica"],"_links":{"self":[{"href":"https:\/\/blogdoedvaldomagalhaes.com.br\/index.php\/wp-json\/wp\/v2\/posts\/107882","targetHints":{"allow":["GET"]}}],"collection":[{"href":"https:\/\/blogdoedvaldomagalhaes.com.br\/index.php\/wp-json\/wp\/v2\/posts"}],"about":[{"href":"https:\/\/blogdoedvaldomagalhaes.com.br\/index.php\/wp-json\/wp\/v2\/types\/post"}],"author":[{"embeddable":true,"href":"https:\/\/blogdoedvaldomagalhaes.com.br\/index.php\/wp-json\/wp\/v2\/users\/1"}],"replies":[{"embeddable":true,"href":"https:\/\/blogdoedvaldomagalhaes.com.br\/index.php\/wp-json\/wp\/v2\/comments?post=107882"}],"version-history":[{"count":1,"href":"https:\/\/blogdoedvaldomagalhaes.com.br\/index.php\/wp-json\/wp\/v2\/posts\/107882\/revisions"}],"predecessor-version":[{"id":107885,"href":"https:\/\/blogdoedvaldomagalhaes.com.br\/index.php\/wp-json\/wp\/v2\/posts\/107882\/revisions\/107885"}],"wp:featuredmedia":[{"embeddable":true,"href":"https:\/\/blogdoedvaldomagalhaes.com.br\/index.php\/wp-json\/wp\/v2\/media\/107884"}],"wp:attachment":[{"href":"https:\/\/blogdoedvaldomagalhaes.com.br\/index.php\/wp-json\/wp\/v2\/media?parent=107882"}],"wp:term":[{"taxonomy":"category","embeddable":true,"href":"https:\/\/blogdoedvaldomagalhaes.com.br\/index.php\/wp-json\/wp\/v2\/categories?post=107882"},{"taxonomy":"post_tag","embeddable":true,"href":"https:\/\/blogdoedvaldomagalhaes.com.br\/index.php\/wp-json\/wp\/v2\/tags?post=107882"}],"curies":[{"name":"wp","href":"https:\/\/api.w.org\/{rel}","templated":true}]}}