{"id":107879,"date":"2024-04-26T19:59:29","date_gmt":"2024-04-26T22:59:29","guid":{"rendered":"https:\/\/blogdoedvaldomagalhaes.com.br\/?p=107879"},"modified":"2024-04-26T19:59:30","modified_gmt":"2024-04-26T22:59:30","slug":"governo-pe-e-ministerio-da-defesa-assinam-acordo-de-cooperacao-para-inicio-das-atividades-do-projeto-rondon-no-sertao","status":"publish","type":"post","link":"https:\/\/blogdoedvaldomagalhaes.com.br\/index.php\/2024\/04\/26\/governo-pe-e-ministerio-da-defesa-assinam-acordo-de-cooperacao-para-inicio-das-atividades-do-projeto-rondon-no-sertao\/","title":{"rendered":"Governo-PE e Minist\u00e9rio da Defesa assinam acordo de coopera\u00e7\u00e3o para in\u00edcio das atividades do Projeto Rondon no Sert\u00e3o"},"content":{"rendered":"<p>Doze munic\u00edpios do Sert\u00e3o pernambucano ser\u00e3o contemplados com as a\u00e7\u00f5es da Opera\u00e7\u00e3o Velho Chico, que ocorre em parceria entre o Governo do Estado e o governo federal. A iniciativa \u00e9 executada por meio do Projeto Rondon, atrav\u00e9s de 252 estudantes e professores universit\u00e1rios. Nesta sexta-feira (26), a governadora Raquel Lyra assinou acordos de coopera\u00e7\u00e3o t\u00e9cnica com o Minist\u00e9rio da Defesa, oficializando a parceria para execu\u00e7\u00e3o da iniciativa. O objetivo da opera\u00e7\u00e3o \u00e9 promover a inclus\u00e3o social e reduzir as desigualdades regionais do pa\u00eds.<\/p>\n<p>&#8220;O Governo de Pernambuco celebra uma parceria estrat\u00e9gica para a realiza\u00e7\u00e3o da Opera\u00e7\u00e3o Velho Chico, que ir\u00e1 atender aos nossos munic\u00edpios. Os mais de 250 estudantes universit\u00e1rios certamente se formar\u00e3o muito melhor como cidad\u00e3os e futuros profissionais que estar\u00e3o no mercado de trabalho atuando em prol da nossa sociedade. Agradecemos ao Minist\u00e9rio da Defesa e ao Ex\u00e9rcito Brasileiro e desejo sucesso para mais esta miss\u00e3o&#8221;, ressaltou Raquel Lyra.<\/p>\n<p>Receber\u00e3o a Opera\u00e7\u00e3o Velho Chico os munic\u00edpios de Afr\u00e2nio, Araripina, Cabrob\u00f3, Cedro, Dormentes, Exu, Lagoa Grande, Parnamirim, Santa Cruz, Santa Maria da Boa Vista, Terra Nova e Trindade, todos no Sert\u00e3o. A iniciativa conta com a participa\u00e7\u00e3o de 252 professores e estudantes universit\u00e1rios, chamados \u201crondonistas\u201d, que atuar\u00e3o de forma volunt\u00e1ria. As atividades do grupo t\u00eam o objetivo de dar visibilidade \u00e0s a\u00e7\u00f5es sociais desenvolvidas junto \u00e0s comunidades locais.<\/p>\n<p>&#8220;Os universit\u00e1rios trar\u00e3o aos munic\u00edpios o que h\u00e1 de mais moderno em tecnologia, inova\u00e7\u00e3o e ci\u00eancias. Eles ir\u00e3o atuar voluntariamente para cooperar com o desenvolvimento sustent\u00e1vel do nosso pa\u00eds em parceria com os poderes executivos, oferecendo seu melhor&#8221;, afirmou o diretor do Departamento de Projetos Sociais do Minist\u00e9rio da Defesa, general William Abrah\u00e3o.<\/p>\n<p>As Institui\u00e7\u00f5es de Ensino Superior s\u00e3o selecionadas por meio de edital ap\u00f3s apresentarem a\u00e7\u00f5es nas \u00e1reas de Cultura, Direitos Humanos e Justi\u00e7a, Educa\u00e7\u00e3o, Sa\u00fade, Comunica\u00e7\u00e3o, Tecnologia e Produ\u00e7\u00e3o, Meio Ambiente e Trabalho que estejam alinhadas com os Objetivos de Desenvolvimento Sustent\u00e1vel, estabelecidos pela Organiza\u00e7\u00e3o das Na\u00e7\u00f5es Unidas (ONU). As atividades t\u00eam car\u00e1ter de extens\u00e3o e com foco na sustentabilidade, com o objetivo de colaborar com a melhoria do bem-estar social e da qualidade de vida das popula\u00e7\u00f5es das localidades visitadas.<\/p>\n<p>A a\u00e7\u00e3o conta com a parceria dos governos federal e Estadual, al\u00e9m dos munic\u00edpios selecionados e das For\u00e7as Armadas. O apoio log\u00edstico da Opera\u00e7\u00e3o Velho Chico ser\u00e1 feito pelo 72\u00ba Batalh\u00e3o de Infantaria de Caatinga, Organiza\u00e7\u00e3o Militar do Ex\u00e9rcito Brasileiro. Al\u00e9m de Pernambuco, tamb\u00e9m participar\u00e3o da opera\u00e7\u00e3o professores e estudantes universit\u00e1rios de 24 Institui\u00e7\u00f5es de Ensino Superior dos estados de Mato Grosso do Sul, Rio Grande do Sul, Minas Gerais, Paran\u00e1, Goi\u00e1s, Rio de Janeiro, S\u00e3o Paulo, Alagoas, Esp\u00edrito Santo e Santa Catarina.<\/p>\n<p>Presente no evento e representando todos os prefeitos dos munic\u00edpios beneficiados, a prefeita de Trindade, no Sert\u00e3o do Araripe, Helbinha Rodrigues, agradeceu a iniciativa. &#8220;Agrade\u00e7o a parceria do Estado com o governo federal, porque as a\u00e7\u00f5es chegar\u00e3o na ponta, trazendo cidadania para os mun\u00edcipes. Desejamos que os jovens tenham esse olhar de desbravar e ser o futuro do nosso pa\u00eds&#8221;, disse.<\/p>\n<p>Participaram da cerim\u00f4nia os deputados estaduais Socorro Pimentel e Luciano Duque, os secret\u00e1rios estaduais T\u00falio Vila\u00e7a (Casa Civil), coronel Herc\u00edlio Mamede (Casa Militar), Rodolfo Costa Pinto (Comunica\u00e7\u00e3o), Ivaneide Dantas (Educa\u00e7\u00e3o e Esportes), Alessandro Carvalho (Defesa Social), Diogo Bezerra (Mobilidade e Infraestrutura), Cacau de Paula (Cultura), Zilda Cavalcanti (Sa\u00fade), Daniel Coelho (Turismo e Lazer), C\u00edcero Moraes (Desenvolvimento Agr\u00e1rio, Agricultura, Pecu\u00e1ria e Pesca) e Ana Mara\u00edza (Administra\u00e7\u00e3o). Ainda estiveram presentes a reitora da UPE, Maria do Socorro Cavalcanti, prefeitos e representantes dos munic\u00edpios contemplados.<br \/>\nFoto: Hes\u00edodo G\u00f3es\/Secom<br \/>\nSeja seguidor do Instagram do Blog @blogdoedvaldomagalhaes<\/p>\n","protected":false},"excerpt":{"rendered":"<p>Doze munic\u00edpios do Sert\u00e3o pernambucano ser\u00e3o contemplados com as a\u00e7\u00f5es da Opera\u00e7\u00e3o Velho Chico, que ocorre em parceria entre o&hellip;<\/p>\n","protected":false},"author":1,"featured_media":107880,"comment_status":"closed","ping_status":"open","sticky":false,"template":"","format":"standard","meta":{"footnotes":""},"categories":[14122],"tags":[30253,29440,2,28801,3406,30362],"class_list":["post-107879","post","type-post","status-publish","format-standard","has-post-thumbnail","hentry","category-politica","tag-blog-caruaru","tag-blog-com-mais-visualizacao","tag-blog-do-edvaldo-magalhaes","tag-blog-mais-acessado","tag-caruaru","tag-governo-de-pernambuco-e-ministerio-da-defesa-assinam-acordo-de-cooperacao-para-inicio-das-atividades-do-projeto-rondon-no-sertao"],"_links":{"self":[{"href":"https:\/\/blogdoedvaldomagalhaes.com.br\/index.php\/wp-json\/wp\/v2\/posts\/107879","targetHints":{"allow":["GET"]}}],"collection":[{"href":"https:\/\/blogdoedvaldomagalhaes.com.br\/index.php\/wp-json\/wp\/v2\/posts"}],"about":[{"href":"https:\/\/blogdoedvaldomagalhaes.com.br\/index.php\/wp-json\/wp\/v2\/types\/post"}],"author":[{"embeddable":true,"href":"https:\/\/blogdoedvaldomagalhaes.com.br\/index.php\/wp-json\/wp\/v2\/users\/1"}],"replies":[{"embeddable":true,"href":"https:\/\/blogdoedvaldomagalhaes.com.br\/index.php\/wp-json\/wp\/v2\/comments?post=107879"}],"version-history":[{"count":1,"href":"https:\/\/blogdoedvaldomagalhaes.com.br\/index.php\/wp-json\/wp\/v2\/posts\/107879\/revisions"}],"predecessor-version":[{"id":107881,"href":"https:\/\/blogdoedvaldomagalhaes.com.br\/index.php\/wp-json\/wp\/v2\/posts\/107879\/revisions\/107881"}],"wp:featuredmedia":[{"embeddable":true,"href":"https:\/\/blogdoedvaldomagalhaes.com.br\/index.php\/wp-json\/wp\/v2\/media\/107880"}],"wp:attachment":[{"href":"https:\/\/blogdoedvaldomagalhaes.com.br\/index.php\/wp-json\/wp\/v2\/media?parent=107879"}],"wp:term":[{"taxonomy":"category","embeddable":true,"href":"https:\/\/blogdoedvaldomagalhaes.com.br\/index.php\/wp-json\/wp\/v2\/categories?post=107879"},{"taxonomy":"post_tag","embeddable":true,"href":"https:\/\/blogdoedvaldomagalhaes.com.br\/index.php\/wp-json\/wp\/v2\/tags?post=107879"}],"curies":[{"name":"wp","href":"https:\/\/api.w.org\/{rel}","templated":true}]}}