{"id":107876,"date":"2024-04-26T19:47:27","date_gmt":"2024-04-26T22:47:27","guid":{"rendered":"https:\/\/blogdoedvaldomagalhaes.com.br\/?p=107876"},"modified":"2024-04-26T19:49:16","modified_gmt":"2024-04-26T22:49:16","slug":"prefeito-rodrigo-pinheiro-inaugura-centro-de-referencia-e-formacao-da-primeira-infancia-neste-sabado-em-caruaru","status":"publish","type":"post","link":"https:\/\/blogdoedvaldomagalhaes.com.br\/index.php\/2024\/04\/26\/prefeito-rodrigo-pinheiro-inaugura-centro-de-referencia-e-formacao-da-primeira-infancia-neste-sabado-em-caruaru\/","title":{"rendered":"Prefeito Rodrigo Pinheiro inaugura Centro de Refer\u00eancia e Forma\u00e7\u00e3o da Primeira Inf\u00e2ncia, neste s\u00e1bado, em Caruaru"},"content":{"rendered":"<p>O equipamento \u00e9 o primeiro no Brasil a unir forma\u00e7\u00e3o de profissionais, programas, pesquisas e servi\u00e7os voltados a crian\u00e7as de at\u00e9 os seis anos <\/p>\n<p>O prefeito Rodrigo Pinheiro, inaugura o Centro de Refer\u00eancia e Forma\u00e7\u00e3o da Primeira Inf\u00e2ncia de Caruaru, neste s\u00e1bado (27), a partir das 14h, no bairro Maur\u00edcio de Nassau. O equipamento \u00e9 o primeiro no pa\u00eds a unir forma\u00e7\u00e3o de profissionais, programas, pesquisas e servi\u00e7os voltados a este tipo de p\u00fablico. Al\u00e9m do prefeito participar\u00e3o da inaugura\u00e7\u00e3o a governadora de Pernambuco, Raquel Lyra, bem como secret\u00e1rios municipais.<\/p>\n<p>O Centro de Refer\u00eancia funcionar\u00e1 no antigo Centro Educacional Montessori, resgatando caracter\u00edsticas originais da edifica\u00e7\u00e3o e tamb\u00e9m oferecendo memorial sobre o mesmo, apresentando ainda uma infraestrutura moderna, com salas l\u00fadicas e propostas de trabalho multidisciplinares, tendo em vista o seu enfoque na primeira inf\u00e2ncia &#8211; etapa da vida que compreende a gesta\u00e7\u00e3o at\u00e9 os seis anos da crian\u00e7a.<\/p>\n<p>\u201cMais uma grande iniciativa que est\u00e1 se tornando realidade. Desde que assumimos a Prefeitura de Caruaru temos realizado os investimentos necess\u00e1rios para impulsionarmos as a\u00e7\u00f5es voltadas para primeira inf\u00e2ncia na cidade e este Centro, o primeiro no pa\u00eds a desenvolver todas as a\u00e7\u00f5es j\u00e1 citadas de forma conjunta, propiciar\u00e1 grandes avan\u00e7os no desenvolvimento das crian\u00e7as caruaruenses at\u00e9 os seis anos. Refor\u00e7amos com o Centro de Refer\u00eancia e Forma\u00e7\u00e3o da Primeira Inf\u00e2ncia de Caruaru, o nosso compromisso de melhorarmos cada vez mais a vida da popula\u00e7\u00e3o!\u201d, pontuou o prefeito Rodrigo Pinheiro. <\/p>\n<p>O Centro ter\u00e1 tr\u00eas eixos direcionados para pauta da primeira inf\u00e2ncia: forma\u00e7\u00e3o, servi\u00e7o e pesquisa. Ele busca responder aos dados apresentados no \u00faltimo PISA, metodologia que auxilia os pa\u00edses e seus munic\u00edpios a verificarem como seus sistemas de ensino se comparam globalmente em padr\u00f5es de qualidade, equidade e efici\u00eancia.<\/p>\n<p>\u201cO Centro de Refer\u00eancia e Forma\u00e7\u00e3o da Primeira Inf\u00e2ncia \u00e9 a culmin\u00e2ncia de uma gest\u00e3o que prioriza as pol\u00edticas p\u00fablicas para a primeira inf\u00e2ncia e parabenizamos o prefeito Rodrigo Pinheiro pelo seu olhar diferenciado em prol do desenvolvimento das crian\u00e7as caruaruenses\u201d, destacou a secret\u00e1ria de Educa\u00e7\u00e3o e Esportes de Caruaru, Aline Tiburcio. <\/p>\n<p>Neste contexto, em 2023, foi aprovado: o primeiro Plano Municipal pela Primeira Inf\u00e2ncia (PMPI) de Caruaru (Lei 6.994, de 03 de abril de 2023); o programa de Primeira Inf\u00e2ncia de Caruaru (Princ) (Decreto 054, de 01 de agosto de 2023); e o Comit\u00ea das Crian\u00e7as (Decreto 066, de 31 de agosto de 2023). J\u00e1 no in\u00edcio deste ano foi implantada a ger\u00eancia da Primeira Inf\u00e2ncia, ancorada na Seduc Caruaru.<br \/>\nSeja seguidor do Instagram do Blog @blogdoedvaldomagalhaes<\/p>\n","protected":false},"excerpt":{"rendered":"<p>O equipamento \u00e9 o primeiro no Brasil a unir forma\u00e7\u00e3o de profissionais, programas, pesquisas e servi\u00e7os voltados a crian\u00e7as de&hellip;<\/p>\n","protected":false},"author":1,"featured_media":107878,"comment_status":"closed","ping_status":"open","sticky":false,"template":"","format":"standard","meta":{"footnotes":""},"categories":[14122],"tags":[29440,27410,28801,370,30359,30361,30360],"class_list":["post-107876","post","type-post","status-publish","format-standard","has-post-thumbnail","hentry","category-politica","tag-blog-com-mais-visualizacao","tag-blog-de-caruaru","tag-blog-mais-acessado","tag-em-caruaru","tag-inedito-no-pais","tag-neste-sabado","tag-prefeito-rodrigo-pinheiro-inaugura-centro-de-referencia-e-formacao-da-primeira-infancia"],"_links":{"self":[{"href":"https:\/\/blogdoedvaldomagalhaes.com.br\/index.php\/wp-json\/wp\/v2\/posts\/107876","targetHints":{"allow":["GET"]}}],"collection":[{"href":"https:\/\/blogdoedvaldomagalhaes.com.br\/index.php\/wp-json\/wp\/v2\/posts"}],"about":[{"href":"https:\/\/blogdoedvaldomagalhaes.com.br\/index.php\/wp-json\/wp\/v2\/types\/post"}],"author":[{"embeddable":true,"href":"https:\/\/blogdoedvaldomagalhaes.com.br\/index.php\/wp-json\/wp\/v2\/users\/1"}],"replies":[{"embeddable":true,"href":"https:\/\/blogdoedvaldomagalhaes.com.br\/index.php\/wp-json\/wp\/v2\/comments?post=107876"}],"version-history":[{"count":1,"href":"https:\/\/blogdoedvaldomagalhaes.com.br\/index.php\/wp-json\/wp\/v2\/posts\/107876\/revisions"}],"predecessor-version":[{"id":107877,"href":"https:\/\/blogdoedvaldomagalhaes.com.br\/index.php\/wp-json\/wp\/v2\/posts\/107876\/revisions\/107877"}],"wp:featuredmedia":[{"embeddable":true,"href":"https:\/\/blogdoedvaldomagalhaes.com.br\/index.php\/wp-json\/wp\/v2\/media\/107878"}],"wp:attachment":[{"href":"https:\/\/blogdoedvaldomagalhaes.com.br\/index.php\/wp-json\/wp\/v2\/media?parent=107876"}],"wp:term":[{"taxonomy":"category","embeddable":true,"href":"https:\/\/blogdoedvaldomagalhaes.com.br\/index.php\/wp-json\/wp\/v2\/categories?post=107876"},{"taxonomy":"post_tag","embeddable":true,"href":"https:\/\/blogdoedvaldomagalhaes.com.br\/index.php\/wp-json\/wp\/v2\/tags?post=107876"}],"curies":[{"name":"wp","href":"https:\/\/api.w.org\/{rel}","templated":true}]}}