{"id":107845,"date":"2024-04-26T09:24:53","date_gmt":"2024-04-26T12:24:53","guid":{"rendered":"https:\/\/blogdoedvaldomagalhaes.com.br\/?p=107845"},"modified":"2024-04-26T09:24:54","modified_gmt":"2024-04-26T12:24:54","slug":"acusado-de-se-masturbar-dentro-de-onibus-e-denunciado-por-motorista-e-detido","status":"publish","type":"post","link":"https:\/\/blogdoedvaldomagalhaes.com.br\/index.php\/2024\/04\/26\/acusado-de-se-masturbar-dentro-de-onibus-e-denunciado-por-motorista-e-detido\/","title":{"rendered":"Acusado de se masturbar dentro de \u00f4nibus \u00e9 denunciado por motorista e detido"},"content":{"rendered":"<p>Um homem suspeito de se masturbar dentro de um \u00f4nibus de linha que fazia o percurso Goiana &#8211; Recife foi detido, na quinta-feira (25), pela Pol\u00edcia Rodovi\u00e1ria Federal (PRF), na BR 101, em Igarassu. A v\u00edtima gritou ao presenciar a cena e outros passageiros do ve\u00edculo imobilizaram o suspeito, at\u00e9 a chegada dos policiais.<\/p>\n<p>Policiais realizavam uma fiscaliza\u00e7\u00e3o no posto da PRF de Igarassu, quando o motorista de um \u00f4nibus parou em frente \u00e0 unidade, para denunciar o caso. Ap\u00f3s flagrar o crime, uma passageira procurou o condutor para informar que havia sido v\u00edtima de importuna\u00e7\u00e3o sexual.<\/p>\n<p>Os policiais entraram no coletivo e conseguiram deter o suspeito. Ele foi encaminhado \u00e0 Delegacia de Pol\u00edcia Civil de Paulista. Foto: Divulga\u00e7\u00e3o\/PRF<br \/>\nSeja seguidor do Instagram do Blog @blogdoedvaldomagalhaes<\/p>\n","protected":false},"excerpt":{"rendered":"<p>Um homem suspeito de se masturbar dentro de um \u00f4nibus de linha que fazia o percurso Goiana &#8211; Recife foi&hellip;<\/p>\n","protected":false},"author":1,"featured_media":107846,"comment_status":"closed","ping_status":"open","sticky":false,"template":"","format":"standard","meta":{"footnotes":""},"categories":[14121],"tags":[30355,29440,27410,2,28801,3406],"class_list":["post-107845","post","type-post","status-publish","format-standard","has-post-thumbnail","hentry","category-policial","tag-acusado-de-se-masturbar-dentro-de-onibus-e-denunciado-por-motorista-e-detido","tag-blog-com-mais-visualizacao","tag-blog-de-caruaru","tag-blog-do-edvaldo-magalhaes","tag-blog-mais-acessado","tag-caruaru"],"_links":{"self":[{"href":"https:\/\/blogdoedvaldomagalhaes.com.br\/index.php\/wp-json\/wp\/v2\/posts\/107845","targetHints":{"allow":["GET"]}}],"collection":[{"href":"https:\/\/blogdoedvaldomagalhaes.com.br\/index.php\/wp-json\/wp\/v2\/posts"}],"about":[{"href":"https:\/\/blogdoedvaldomagalhaes.com.br\/index.php\/wp-json\/wp\/v2\/types\/post"}],"author":[{"embeddable":true,"href":"https:\/\/blogdoedvaldomagalhaes.com.br\/index.php\/wp-json\/wp\/v2\/users\/1"}],"replies":[{"embeddable":true,"href":"https:\/\/blogdoedvaldomagalhaes.com.br\/index.php\/wp-json\/wp\/v2\/comments?post=107845"}],"version-history":[{"count":1,"href":"https:\/\/blogdoedvaldomagalhaes.com.br\/index.php\/wp-json\/wp\/v2\/posts\/107845\/revisions"}],"predecessor-version":[{"id":107847,"href":"https:\/\/blogdoedvaldomagalhaes.com.br\/index.php\/wp-json\/wp\/v2\/posts\/107845\/revisions\/107847"}],"wp:featuredmedia":[{"embeddable":true,"href":"https:\/\/blogdoedvaldomagalhaes.com.br\/index.php\/wp-json\/wp\/v2\/media\/107846"}],"wp:attachment":[{"href":"https:\/\/blogdoedvaldomagalhaes.com.br\/index.php\/wp-json\/wp\/v2\/media?parent=107845"}],"wp:term":[{"taxonomy":"category","embeddable":true,"href":"https:\/\/blogdoedvaldomagalhaes.com.br\/index.php\/wp-json\/wp\/v2\/categories?post=107845"},{"taxonomy":"post_tag","embeddable":true,"href":"https:\/\/blogdoedvaldomagalhaes.com.br\/index.php\/wp-json\/wp\/v2\/tags?post=107845"}],"curies":[{"name":"wp","href":"https:\/\/api.w.org\/{rel}","templated":true}]}}