{"id":107842,"date":"2024-04-26T09:11:14","date_gmt":"2024-04-26T12:11:14","guid":{"rendered":"https:\/\/blogdoedvaldomagalhaes.com.br\/?p=107842"},"modified":"2024-04-26T09:11:15","modified_gmt":"2024-04-26T12:11:15","slug":"prefeito-rodrigo-pinheiro-inaugura-complexo-olimpico-municipal-rei-pele-em-caruaru","status":"publish","type":"post","link":"https:\/\/blogdoedvaldomagalhaes.com.br\/index.php\/2024\/04\/26\/prefeito-rodrigo-pinheiro-inaugura-complexo-olimpico-municipal-rei-pele-em-caruaru\/","title":{"rendered":"Prefeito Rodrigo Pinheiro inaugura Complexo Ol\u00edmpico Municipal Rei Pel\u00e9 em Caruaru"},"content":{"rendered":"<p>\u201cO esporte de Caruaru vivencia hoje um marco na sua hist\u00f3ria repleta de benef\u00edcios e transforma\u00e7\u00f5es na vida de milhares de caruaruenses. Um legado que ser\u00e1 sentido nesta e nas pr\u00f3ximas gera\u00e7\u00f5es da popula\u00e7\u00e3o\u201d.  Estas foram as palavras do prefeito de Caruaru, Rodrigo Pinheiro, durante a entrega oficial do Complexo Ol\u00edmpico Municipal Rei Pel\u00e9, ocorrida na tarde desta quinta-feira (25), na Escola em Tempo Integral \u00c1lvaro Lins, no bairro Maur\u00edcio de Nassau. <\/p>\n<p>A inaugura\u00e7\u00e3o, que contou com a presen\u00e7a de mais de 500 pessoas entre autoridades pol\u00edticas, desportistas, profissionais de Educa\u00e7\u00e3o F\u00edsica e estudantes, fez jus ao momento hist\u00f3rico em que o esporte n\u00e3o s\u00f3 da Capital do Agreste, mas tamb\u00e9m de todo o interior do Estado estava vivenciando, com belas apresenta\u00e7\u00f5es de hinos e can\u00e7\u00f5es por parte de bandas marciais da rede municipal e privada de ensino, al\u00e9m dos discursos emocionantes proferidos por atletas e profissionais de Educa\u00e7\u00e3o F\u00edsica locais. <\/p>\n<p>\u201cEu diria que este Complexo Ol\u00edmpico, que leva o nome de Pel\u00e9, o Atleta do S\u00e9culo, foi um verdadeiro gol de placa ou uma cesta de tr\u00eas pontos do prefeito Rodrigo Pinheiro ao utilizar este espa\u00e7o que se encontrava inutilizado em um equipamento deste porte e que vem a atender uma reivindica\u00e7\u00e3o de mais de 45 anos de quem tenta praticar o atletismo na cidade. Parab\u00e9ns ao prefeito pelo seu olhar diferenciado em prol do esporte de Caruaru\u201d, elogiou o professor de Educa\u00e7\u00e3o F\u00edsica, F\u00e1bio Barbosa.  <\/p>\n<p>Tamb\u00e9m durante a inaugura\u00e7\u00e3o, o p\u00fablico foi agraciado com desfile de tocha ol\u00edmpica e exibi\u00e7\u00f5es das modalidades do atletismo \u2013 corridas, saltos e arremessos &#8211;  que ser\u00e3o praticados tanto por estudantes da rede municipal e estadual de ensino como tamb\u00e9m por atletas amadores e profissionais neste Complexo, que representa mais um grande investimento do prefeito Rodrigo Pinheiro em termos de obras executadas. \u201cSou recordista brasileiro de lan\u00e7amento de disco e tenho certeza, que a partir de hoje, a minha carreira dar\u00e1 um salto a mais. Um sonho que se tornou realidade dentro de casa!\u201d, comemorou o atleta paral\u00edmpico Rafael Lucena.  <\/p>\n<p>Implantado numa \u00e1rea de dois hectares, o Complexo Rei Pel\u00e9 \u00e9 composto por pista de corrida e de salto em dist\u00e2ncia com dimens\u00f5es oficiais; equipamentos de salto em altura, de salto com vara, de lan\u00e7amento de martelo e de dardo, al\u00e9m de arremesso de martelo, todos tamb\u00e9m com dimens\u00f5es oficiais. Sua estrutura ainda disp\u00f5e de arquibancada para 500 pessoas, camarote de acessibilidade, vesti\u00e1rios, \u00e1rea para embarque e desembarque de atletas, estudantes e demais usu\u00e1rios, sistema de drenagem interno, reservat\u00f3rio de \u00e1guas pluviais, ilumina\u00e7\u00e3o com 13 postes e refletores de LED. <\/p>\n<p>Em paralelo, ele abrange equipamentos esportivos, que j\u00e1 fazem parte da ETI \u00c1lvaro Lins, a exemplos do gin\u00e1sio poliesportivo, das quadras externas e da piscina. \u201cO sentimento \u00e9 de emo\u00e7\u00e3o e gratid\u00e3o ao prefeito Rodrigo Pinheiro por acreditar que, juntos, a educa\u00e7\u00e3o e o esporte transformam vidas! Este equipamento ser\u00e1 um grande aliado no desenvolvimento dos estudantes da rede municipal ao possibilitar excelentes condi\u00e7\u00f5es para pr\u00e1tica esportiva, o que tamb\u00e9m se refletir\u00e1 nos seus respectivos desempenhos nas salas de aulas\u201d, destacou a secret\u00e1ria de Educa\u00e7\u00e3o e Esportes de Caruaru (Seduc), Aline Tiburcio.<\/p>\n<p>E o Complexo ser\u00e1 palco j\u00e1 nesta segunda-feira (29), da sua primeira competi\u00e7\u00e3o oficial, com a fase municipal do Jogos Escolares de Pernambuco 2024. \u201cConvidamos a todos que gostam de atletismo, que j\u00e1 praticam ou querem praticar esse grande esporte, a vir durante a semana, at\u00e9 a nossa secretaria executiva, que fica tamb\u00e9m na ETI \u00c1lvaro Lins, para agendar o seu treinamento no Complexo. Disponibilizaremos professores da \u00e1rea para dar todo suporte necess\u00e1rio\u201d, comentou o secret\u00e1rio executivo de Esportes da Seduc Caruaru, Adson Leonel.<br \/>\nFoto: Divulga\u00e7\u00e3o\/Secom\/PMC<br \/>\nSeja seguidor do Instagram do Blog @blogdoedvaldomagalhaes<\/p>\n","protected":false},"excerpt":{"rendered":"<p>\u201cO esporte de Caruaru vivencia hoje um marco na sua hist\u00f3ria repleta de benef\u00edcios e transforma\u00e7\u00f5es na vida de milhares&hellip;<\/p>\n","protected":false},"author":1,"featured_media":107843,"comment_status":"closed","ping_status":"open","sticky":false,"template":"","format":"standard","meta":{"footnotes":""},"categories":[14122],"tags":[29440,27410,2,28801,19430,20,30353],"class_list":["post-107842","post","type-post","status-publish","format-standard","has-post-thumbnail","hentry","category-politica","tag-blog-com-mais-visualizacao","tag-blog-de-caruaru","tag-blog-do-edvaldo-magalhaes","tag-blog-mais-acessado","tag-blog-mais-acessado-de-caruaru","tag-politica","tag-prefeito-rodrigo-pinheiro-inaugura-complexo-olimpico-municipal-rei-pele-em-caruaru"],"_links":{"self":[{"href":"https:\/\/blogdoedvaldomagalhaes.com.br\/index.php\/wp-json\/wp\/v2\/posts\/107842","targetHints":{"allow":["GET"]}}],"collection":[{"href":"https:\/\/blogdoedvaldomagalhaes.com.br\/index.php\/wp-json\/wp\/v2\/posts"}],"about":[{"href":"https:\/\/blogdoedvaldomagalhaes.com.br\/index.php\/wp-json\/wp\/v2\/types\/post"}],"author":[{"embeddable":true,"href":"https:\/\/blogdoedvaldomagalhaes.com.br\/index.php\/wp-json\/wp\/v2\/users\/1"}],"replies":[{"embeddable":true,"href":"https:\/\/blogdoedvaldomagalhaes.com.br\/index.php\/wp-json\/wp\/v2\/comments?post=107842"}],"version-history":[{"count":1,"href":"https:\/\/blogdoedvaldomagalhaes.com.br\/index.php\/wp-json\/wp\/v2\/posts\/107842\/revisions"}],"predecessor-version":[{"id":107844,"href":"https:\/\/blogdoedvaldomagalhaes.com.br\/index.php\/wp-json\/wp\/v2\/posts\/107842\/revisions\/107844"}],"wp:featuredmedia":[{"embeddable":true,"href":"https:\/\/blogdoedvaldomagalhaes.com.br\/index.php\/wp-json\/wp\/v2\/media\/107843"}],"wp:attachment":[{"href":"https:\/\/blogdoedvaldomagalhaes.com.br\/index.php\/wp-json\/wp\/v2\/media?parent=107842"}],"wp:term":[{"taxonomy":"category","embeddable":true,"href":"https:\/\/blogdoedvaldomagalhaes.com.br\/index.php\/wp-json\/wp\/v2\/categories?post=107842"},{"taxonomy":"post_tag","embeddable":true,"href":"https:\/\/blogdoedvaldomagalhaes.com.br\/index.php\/wp-json\/wp\/v2\/tags?post=107842"}],"curies":[{"name":"wp","href":"https:\/\/api.w.org\/{rel}","templated":true}]}}