{"id":107566,"date":"2024-04-18T12:51:22","date_gmt":"2024-04-18T15:51:22","guid":{"rendered":"https:\/\/blogdoedvaldomagalhaes.com.br\/?p=107566"},"modified":"2024-04-18T14:08:58","modified_gmt":"2024-04-18T17:08:58","slug":"sismuc-regional-realiza-assembleia-geral-nesta-sexta-feira-19","status":"publish","type":"post","link":"https:\/\/blogdoedvaldomagalhaes.com.br\/index.php\/2024\/04\/18\/sismuc-regional-realiza-assembleia-geral-nesta-sexta-feira-19\/","title":{"rendered":"SISMUC Regional realiza assembleia geral nesta sexta-feira (19)"},"content":{"rendered":"<p><span style=\"font-size: revert;\">O SISMUC Regional Caruaru (Sindicato dos Servidores P\u00fablicos de Caruaru e Regi\u00e3o), realiza, nesta sexta-feira, 19 de abril, uma assembleia geral com os servidores da prefeitura de Caruaru. A assembleia ir\u00e1 reunir servidores das seguintes categorias: lactaristas e auxiliares, auxiliares de educa\u00e7\u00e3o, monitores de transporte escolar, apoio escolar, merendeiras e auxiliares, motoristas, porteiros, assistentes sociais, entre outros.<\/span><\/p>\n<p>O sindicato vem mantendo encontros peri\u00f3dicos com os servidores e nesta sexta-feira (19), uma das pautas ser\u00e1 a an\u00e1lise das respostas dos of\u00edcios encaminhados a prefeitura de Caruaru e informes em geral. O SISMUC tem como principal luta, o Plano de Cargos, Carreiras e Remunera\u00e7\u00e3o (PCCR), desses profissionais com impacto na carreira, e ainda a volta dos 5% dado em 2023 e retirado em 2024, ap\u00f3s a atualiza\u00e7\u00e3o do sal\u00e1rio m\u00ednimo.<\/p>\n<p>\u201cConvocamos todos os servidores para participarem desse ato, nesta sexta-feira (19), em nossa sede, para deliberarmos os pr\u00f3ximos passos desse movimento\u201d, refor\u00e7ou o presidente do sindicato, Eduardo Mendon\u00e7a. A primeira convoca\u00e7\u00e3o acontece \u00e0s 7h30, com 2\/3 dos associados e a segunda uma hora depois com 1\/3. A terceira e \u00faltima convoca\u00e7\u00e3o 30 minutos depois, \u00e0s 9h. O SISMUC \u2013 est\u00e1 localizado na Rua Padre Felix Barreto, n\u00ba 50 , no bairro Mauricio de Nassau. Foto: N\u00fabia Silva\/Assessora.<\/p>\n<p>Seja seguidor do Instagram do Blog @blogdoedvaldomagalhaes<\/p>\n","protected":false},"excerpt":{"rendered":"<p>O SISMUC Regional Caruaru (Sindicato dos Servidores P\u00fablicos de Caruaru e Regi\u00e3o), realiza, nesta sexta-feira, 19 de abril, uma assembleia&hellip;<\/p>\n","protected":false},"author":1,"featured_media":107567,"comment_status":"closed","ping_status":"open","sticky":false,"template":"","format":"standard","meta":{"footnotes":""},"categories":[14120],"tags":[29440,2,28801,3406,30270],"class_list":["post-107566","post","type-post","status-publish","format-standard","has-post-thumbnail","hentry","category-noticias","tag-blog-com-mais-visualizacao","tag-blog-do-edvaldo-magalhaes","tag-blog-mais-acessado","tag-caruaru","tag-sismuc-regional-realiza-assembleia-geral-nesta-sexta-feira-19"],"_links":{"self":[{"href":"https:\/\/blogdoedvaldomagalhaes.com.br\/index.php\/wp-json\/wp\/v2\/posts\/107566","targetHints":{"allow":["GET"]}}],"collection":[{"href":"https:\/\/blogdoedvaldomagalhaes.com.br\/index.php\/wp-json\/wp\/v2\/posts"}],"about":[{"href":"https:\/\/blogdoedvaldomagalhaes.com.br\/index.php\/wp-json\/wp\/v2\/types\/post"}],"author":[{"embeddable":true,"href":"https:\/\/blogdoedvaldomagalhaes.com.br\/index.php\/wp-json\/wp\/v2\/users\/1"}],"replies":[{"embeddable":true,"href":"https:\/\/blogdoedvaldomagalhaes.com.br\/index.php\/wp-json\/wp\/v2\/comments?post=107566"}],"version-history":[{"count":1,"href":"https:\/\/blogdoedvaldomagalhaes.com.br\/index.php\/wp-json\/wp\/v2\/posts\/107566\/revisions"}],"predecessor-version":[{"id":107568,"href":"https:\/\/blogdoedvaldomagalhaes.com.br\/index.php\/wp-json\/wp\/v2\/posts\/107566\/revisions\/107568"}],"wp:featuredmedia":[{"embeddable":true,"href":"https:\/\/blogdoedvaldomagalhaes.com.br\/index.php\/wp-json\/wp\/v2\/media\/107567"}],"wp:attachment":[{"href":"https:\/\/blogdoedvaldomagalhaes.com.br\/index.php\/wp-json\/wp\/v2\/media?parent=107566"}],"wp:term":[{"taxonomy":"category","embeddable":true,"href":"https:\/\/blogdoedvaldomagalhaes.com.br\/index.php\/wp-json\/wp\/v2\/categories?post=107566"},{"taxonomy":"post_tag","embeddable":true,"href":"https:\/\/blogdoedvaldomagalhaes.com.br\/index.php\/wp-json\/wp\/v2\/tags?post=107566"}],"curies":[{"name":"wp","href":"https:\/\/api.w.org\/{rel}","templated":true}]}}