{"id":107560,"date":"2024-04-18T09:10:15","date_gmt":"2024-04-18T12:10:15","guid":{"rendered":"https:\/\/blogdoedvaldomagalhaes.com.br\/?p=107560"},"modified":"2024-04-18T09:10:17","modified_gmt":"2024-04-18T12:10:17","slug":"sao-joao-na-roca-da-inicio-a-edicao-2024-do-maior-e-melhor-sao-joao-do-mundo-nesta-sexta-19","status":"publish","type":"post","link":"https:\/\/blogdoedvaldomagalhaes.com.br\/index.php\/2024\/04\/18\/sao-joao-na-roca-da-inicio-a-edicao-2024-do-maior-e-melhor-sao-joao-do-mundo-nesta-sexta-19\/","title":{"rendered":"S\u00e3o Jo\u00e3o na Ro\u00e7a d\u00e1 in\u00edcio \u00e0 edi\u00e7\u00e3o 2024 do Maior e Melhor S\u00e3o Jo\u00e3o do Mundo nesta sexta (19)"},"content":{"rendered":"<p>No Maior e Melhor S\u00e3o Jo\u00e3o do Mundo, em Caruaru, s\u00f3 fica sem dan\u00e7ar forr\u00f3 quem n\u00e3o quer. No pr\u00f3ximo dia 19 de abril, a edi\u00e7\u00e3o 2024 da festa ter\u00e1 in\u00edcio com o S\u00e3o Jo\u00e3o na Ro\u00e7a, que tem uma programa\u00e7\u00e3o 100% composta por artistas de forr\u00f3, sendo 80% deles locais, o que ir\u00e1 contribuir para que a economia gire no munic\u00edpio. <\/p>\n<p>Al\u00e9m disso, todos os artistas que v\u00e3o se apresentar no S\u00e3o Jo\u00e3o na Ro\u00e7a se inscreveram no edital, que foi lan\u00e7ado em dezembro de 2023. No total, a festa na zona rural ter\u00e1 65 atra\u00e7\u00f5es at\u00e9 o encerramento, marcado para o dia 31 de maio. <\/p>\n<p>O processo de descentraliza\u00e7\u00e3o do S\u00e3o Jo\u00e3o de Caruaru, que fez com que a festa voltasse \u00e0 zona rural, come\u00e7ou em 2017. Como forma de inovar ainda mais, o prefeito Rodrigo Pinheiro, em 2023, decidiu que o S\u00e3o Jo\u00e3o na Ro\u00e7a daria in\u00edcio ao maior festejo junino do mundo, aumentando os dias de celebra\u00e7\u00e3o na Capital do Forr\u00f3. <\/p>\n<p>Em 2024, ser\u00e3o 72 dias de muito forr\u00f3. \u201cA gest\u00e3o do prefeito Rodrigo Pinheiro, amiga da cultura, mostra o quanto valorizamos esse g\u00eanero musical e tamb\u00e9m os nossos artistas locais. Essa valoriza\u00e7\u00e3o \u00e9 refletida na programa\u00e7\u00e3o do S\u00e3o Jo\u00e3o na Ro\u00e7a. Esperamos que todos e todas possam prestigiar a programa\u00e7\u00e3o que preparamos com tanto carinho e cuidado\u201d, disse o presidente da Funda\u00e7\u00e3o de Cultura de Caruaru, H\u00e9rlon Cavalcanti. <\/p>\n<p>*Programa\u00e7\u00e3o completa do S\u00e3o Jo\u00e3o na Ro\u00e7a 2024 neste fim de semana:*<\/p>\n<p>_19 de abril (sexta-feira) \u2013 Gon\u00e7alves Ferreira_<br \/>\n18h &#8211; Grupo de Dan\u00e7a Flor e Barro (itinerante)<br \/>\n18h &#8211; Batalh\u00e3o de Bacamarteiros 17 (itinerante)<br \/>\n18h &#8211; Trio Fole de Ouro<br \/>\n20h &#8211; Cheiro de Sanfona<br \/>\n22h &#8211; Assis\u00e3o<\/p>\n<p>_20 de abril (s\u00e1bado) \u2013 Malhada de Barreira Queimada_<br \/>\n18h &#8211; Banda de P\u00edfanos Alvorada (itinerante)<br \/>\n18h &#8211; Quadrilha Molecodrilha (itinerante)<br \/>\n18h &#8211; Trio Tabajara<br \/>\n20h &#8211; Elifas Junior<br \/>\n22h &#8211; Petr\u00facio Amorim.<br \/>\nFoto: Divulga\u00e7\u00e3o\/Assessoria de Assis\u00e3o<br \/>\nSeja seguidor do Instagram do Blog @blogdoedvaldomagalhaes<\/p>\n","protected":false},"excerpt":{"rendered":"<p>No Maior e Melhor S\u00e3o Jo\u00e3o do Mundo, em Caruaru, s\u00f3 fica sem dan\u00e7ar forr\u00f3 quem n\u00e3o quer. No pr\u00f3ximo&hellip;<\/p>\n","protected":false},"author":1,"featured_media":107561,"comment_status":"closed","ping_status":"open","sticky":false,"template":"","format":"standard","meta":{"footnotes":""},"categories":[1],"tags":[29440,2,28801,3406,30269],"class_list":["post-107560","post","type-post","status-publish","format-standard","has-post-thumbnail","hentry","category-sem-categoria","tag-blog-com-mais-visualizacao","tag-blog-do-edvaldo-magalhaes","tag-blog-mais-acessado","tag-caruaru","tag-sao-joao-na-roca-da-inicio-a-edicao-2024-do-maior-e-melhor-sao-joao-do-mundo-nesta-sexta-19"],"_links":{"self":[{"href":"https:\/\/blogdoedvaldomagalhaes.com.br\/index.php\/wp-json\/wp\/v2\/posts\/107560","targetHints":{"allow":["GET"]}}],"collection":[{"href":"https:\/\/blogdoedvaldomagalhaes.com.br\/index.php\/wp-json\/wp\/v2\/posts"}],"about":[{"href":"https:\/\/blogdoedvaldomagalhaes.com.br\/index.php\/wp-json\/wp\/v2\/types\/post"}],"author":[{"embeddable":true,"href":"https:\/\/blogdoedvaldomagalhaes.com.br\/index.php\/wp-json\/wp\/v2\/users\/1"}],"replies":[{"embeddable":true,"href":"https:\/\/blogdoedvaldomagalhaes.com.br\/index.php\/wp-json\/wp\/v2\/comments?post=107560"}],"version-history":[{"count":1,"href":"https:\/\/blogdoedvaldomagalhaes.com.br\/index.php\/wp-json\/wp\/v2\/posts\/107560\/revisions"}],"predecessor-version":[{"id":107562,"href":"https:\/\/blogdoedvaldomagalhaes.com.br\/index.php\/wp-json\/wp\/v2\/posts\/107560\/revisions\/107562"}],"wp:featuredmedia":[{"embeddable":true,"href":"https:\/\/blogdoedvaldomagalhaes.com.br\/index.php\/wp-json\/wp\/v2\/media\/107561"}],"wp:attachment":[{"href":"https:\/\/blogdoedvaldomagalhaes.com.br\/index.php\/wp-json\/wp\/v2\/media?parent=107560"}],"wp:term":[{"taxonomy":"category","embeddable":true,"href":"https:\/\/blogdoedvaldomagalhaes.com.br\/index.php\/wp-json\/wp\/v2\/categories?post=107560"},{"taxonomy":"post_tag","embeddable":true,"href":"https:\/\/blogdoedvaldomagalhaes.com.br\/index.php\/wp-json\/wp\/v2\/tags?post=107560"}],"curies":[{"name":"wp","href":"https:\/\/api.w.org\/{rel}","templated":true}]}}