{"id":107557,"date":"2024-04-18T08:32:53","date_gmt":"2024-04-18T11:32:53","guid":{"rendered":"https:\/\/blogdoedvaldomagalhaes.com.br\/?p=107557"},"modified":"2024-04-18T08:34:15","modified_gmt":"2024-04-18T11:34:15","slug":"junior-letal-comemora-iluminacao-de-areas-verdes-no-adalgisa-nunes","status":"publish","type":"post","link":"https:\/\/blogdoedvaldomagalhaes.com.br\/index.php\/2024\/04\/18\/junior-letal-comemora-iluminacao-de-areas-verdes-no-adalgisa-nunes\/","title":{"rendered":"J\u00fanior Letal comemora ilumina\u00e7\u00e3o de \u00e1reas verdes no Adalgisa Nunes"},"content":{"rendered":"<p><span style=\"font-size: revert;\">A parceria entre o presidente da Associa\u00e7\u00e3o de Moradores do Bairro Agamenon Magalh\u00e3es, J\u00fanior Letal e a prefeitura de Caruaru\/Gest\u00e3o do prefeito Rodrigo tem resultado na realiza\u00e7\u00e3o de grandes conquistas para os bairros Agamenon, Encanto da Serra, Adalgisa Nunes, Wirton Lira e Morada Verde. Com muito esfor\u00e7o e dedica\u00e7\u00e3o, J\u00fanior Letal alcan\u00e7ou uma importante conquista para a comunidade. Tr\u00eas \u00e1reas do Bairro Adalgiza Nunes, que estavam carentes de ilumina\u00e7\u00e3o, v\u00e3o contar com um sistema de ilumina\u00e7\u00e3o adequado. Essa realiza\u00e7\u00e3o, \u00e9 uma antiga solicita\u00e7\u00e3o dos moradores e, traz um impacto positivo significativo para aquela comunidade.<\/span><\/p>\n<p>J\u00fanior Letal destacou que a melhoria na ilumina\u00e7\u00e3o contribui diretamente para a seguran\u00e7a e bem-estar dos moradores, ao mesmo tempo em que potencializa as atividades nas \u00e1reas em quest\u00e3o. Junho Letal demonstra, mais uma vez, seu comprometimento com as necessidades da comunidade e seu empenho em tornar o bairro um lugar mais seguro e agrad\u00e1vel para todos. Esta conquista representa um avan\u00e7o not\u00e1vel para a qualidade de vida no Bairro Adalgiza Nunes.<\/p>\n<p>&#8220;O prefeito Rodrigo Pinheiro tem tido uma aten\u00e7\u00e3o muito grande pela nossa comunidade. S\u00e3o obras e a\u00e7\u00f5es que est\u00e3o melhorando de forma consider\u00e1vel o dia a dia no nosso bairro &#8220;, disse J\u00fanior Letal.<\/p>\n<p>Foto: Divulga\u00e7\u00e3o<\/p>\n<p><!--more--><\/p>\n","protected":false},"excerpt":{"rendered":"<p>A parceria entre o presidente da Associa\u00e7\u00e3o de Moradores do Bairro Agamenon Magalh\u00e3es, J\u00fanior Letal e a prefeitura de Caruaru\/Gest\u00e3o&hellip;<\/p>\n","protected":false},"author":1,"featured_media":107558,"comment_status":"closed","ping_status":"open","sticky":false,"template":"","format":"standard","meta":{"footnotes":""},"categories":[14120],"tags":[29440,2,28801,19430,3406,29587],"class_list":["post-107557","post","type-post","status-publish","format-standard","has-post-thumbnail","hentry","category-noticias","tag-blog-com-mais-visualizacao","tag-blog-do-edvaldo-magalhaes","tag-blog-mais-acessado","tag-blog-mais-acessado-de-caruaru","tag-caruaru","tag-junior-letal"],"_links":{"self":[{"href":"https:\/\/blogdoedvaldomagalhaes.com.br\/index.php\/wp-json\/wp\/v2\/posts\/107557","targetHints":{"allow":["GET"]}}],"collection":[{"href":"https:\/\/blogdoedvaldomagalhaes.com.br\/index.php\/wp-json\/wp\/v2\/posts"}],"about":[{"href":"https:\/\/blogdoedvaldomagalhaes.com.br\/index.php\/wp-json\/wp\/v2\/types\/post"}],"author":[{"embeddable":true,"href":"https:\/\/blogdoedvaldomagalhaes.com.br\/index.php\/wp-json\/wp\/v2\/users\/1"}],"replies":[{"embeddable":true,"href":"https:\/\/blogdoedvaldomagalhaes.com.br\/index.php\/wp-json\/wp\/v2\/comments?post=107557"}],"version-history":[{"count":1,"href":"https:\/\/blogdoedvaldomagalhaes.com.br\/index.php\/wp-json\/wp\/v2\/posts\/107557\/revisions"}],"predecessor-version":[{"id":107559,"href":"https:\/\/blogdoedvaldomagalhaes.com.br\/index.php\/wp-json\/wp\/v2\/posts\/107557\/revisions\/107559"}],"wp:featuredmedia":[{"embeddable":true,"href":"https:\/\/blogdoedvaldomagalhaes.com.br\/index.php\/wp-json\/wp\/v2\/media\/107558"}],"wp:attachment":[{"href":"https:\/\/blogdoedvaldomagalhaes.com.br\/index.php\/wp-json\/wp\/v2\/media?parent=107557"}],"wp:term":[{"taxonomy":"category","embeddable":true,"href":"https:\/\/blogdoedvaldomagalhaes.com.br\/index.php\/wp-json\/wp\/v2\/categories?post=107557"},{"taxonomy":"post_tag","embeddable":true,"href":"https:\/\/blogdoedvaldomagalhaes.com.br\/index.php\/wp-json\/wp\/v2\/tags?post=107557"}],"curies":[{"name":"wp","href":"https:\/\/api.w.org\/{rel}","templated":true}]}}