{"id":107553,"date":"2024-04-17T21:38:47","date_gmt":"2024-04-18T00:38:47","guid":{"rendered":"https:\/\/blogdoedvaldomagalhaes.com.br\/?p=107553"},"modified":"2024-04-17T21:38:48","modified_gmt":"2024-04-18T00:38:48","slug":"mdb-nacional-prioriza-tonynho-rodrigues-para-candidatura-em-caruaru","status":"publish","type":"post","link":"https:\/\/blogdoedvaldomagalhaes.com.br\/index.php\/2024\/04\/17\/mdb-nacional-prioriza-tonynho-rodrigues-para-candidatura-em-caruaru\/","title":{"rendered":"MDB nacional prioriza Tonynho Rodrigues para candidatura em Caruaru"},"content":{"rendered":"<p>Nesta quarta-feira (17), Tonynho Rodrigues (MDB) esteve reunido em Bras\u00edlia com o presidente nacional do MDB, o deputado federal Baleia Rossi, e o senador Fernando Dueire. No encontro, foram debatidas quest\u00f5es relacionadas \u00e0s elei\u00e7\u00f5es deste ano em Caruaru, que v\u00e3o contar com candidatura de Tonynho. <\/p>\n<p>Baleia Rossi afirmou que, para o MDB, voltar os olhares para a elei\u00e7\u00e3o na Capital do Agreste \u00e9 uma prioridade do partido. No encontro tamb\u00e9m foi detalhado sobre o quadro pol\u00edtico local e o MDB apresentou o desejo de que Tonynho lidere o projeto para garantir \u00e0 legenda o retorno para a gest\u00e3o municipal. <\/p>\n<p>\u201cEstou acompanhando o fortalecimento do MDB em Pernambuco e muito desse trabalho parte do que j\u00e1 tem sido desenvolvido por Tonynho Rodrigues. Ele veio me atualizar sobre como est\u00e3o os trabalhos e sabemos que o projeto est\u00e1 crescendo com pol\u00edticas p\u00fablicas pra melhorar a vida das pessoas. Ser\u00e1 um ano de grandes vit\u00f3rias\u201d, afirmou Baleia Rossi. <\/p>\n<p>Em Bras\u00edlia, Tonynho tamb\u00e9m esteve com o Ministro dos Transportes, Renan Filho, tratando de um assunto essencial para Caruaru e regi\u00e3o, a conclus\u00e3o do Anel Vi\u00e1rio no munic\u00edpio e o andamento das obras de duplica\u00e7\u00e3o da BR-104.<br \/>\nFoto: Divulga\u00e7\u00e3o<br \/>\nSeja seguidor do Instagram do Blog @blogdoedvaldomagalhaes<\/p>\n","protected":false},"excerpt":{"rendered":"<p>Nesta quarta-feira (17), Tonynho Rodrigues (MDB) esteve reunido em Bras\u00edlia com o presidente nacional do MDB, o deputado federal Baleia&hellip;<\/p>\n","protected":false},"author":1,"featured_media":107554,"comment_status":"closed","ping_status":"open","sticky":false,"template":"","format":"standard","meta":{"footnotes":""},"categories":[14122],"tags":[29440,2,28801,3406,30268,20],"class_list":["post-107553","post","type-post","status-publish","format-standard","has-post-thumbnail","hentry","category-politica","tag-blog-com-mais-visualizacao","tag-blog-do-edvaldo-magalhaes","tag-blog-mais-acessado","tag-caruaru","tag-mdb-nacional-prioriza-tonynho-rodrigues-para-candidatura-em-caruaru","tag-politica"],"_links":{"self":[{"href":"https:\/\/blogdoedvaldomagalhaes.com.br\/index.php\/wp-json\/wp\/v2\/posts\/107553","targetHints":{"allow":["GET"]}}],"collection":[{"href":"https:\/\/blogdoedvaldomagalhaes.com.br\/index.php\/wp-json\/wp\/v2\/posts"}],"about":[{"href":"https:\/\/blogdoedvaldomagalhaes.com.br\/index.php\/wp-json\/wp\/v2\/types\/post"}],"author":[{"embeddable":true,"href":"https:\/\/blogdoedvaldomagalhaes.com.br\/index.php\/wp-json\/wp\/v2\/users\/1"}],"replies":[{"embeddable":true,"href":"https:\/\/blogdoedvaldomagalhaes.com.br\/index.php\/wp-json\/wp\/v2\/comments?post=107553"}],"version-history":[{"count":1,"href":"https:\/\/blogdoedvaldomagalhaes.com.br\/index.php\/wp-json\/wp\/v2\/posts\/107553\/revisions"}],"predecessor-version":[{"id":107555,"href":"https:\/\/blogdoedvaldomagalhaes.com.br\/index.php\/wp-json\/wp\/v2\/posts\/107553\/revisions\/107555"}],"wp:featuredmedia":[{"embeddable":true,"href":"https:\/\/blogdoedvaldomagalhaes.com.br\/index.php\/wp-json\/wp\/v2\/media\/107554"}],"wp:attachment":[{"href":"https:\/\/blogdoedvaldomagalhaes.com.br\/index.php\/wp-json\/wp\/v2\/media?parent=107553"}],"wp:term":[{"taxonomy":"category","embeddable":true,"href":"https:\/\/blogdoedvaldomagalhaes.com.br\/index.php\/wp-json\/wp\/v2\/categories?post=107553"},{"taxonomy":"post_tag","embeddable":true,"href":"https:\/\/blogdoedvaldomagalhaes.com.br\/index.php\/wp-json\/wp\/v2\/tags?post=107553"}],"curies":[{"name":"wp","href":"https:\/\/api.w.org\/{rel}","templated":true}]}}