{"id":107524,"date":"2024-04-16T20:39:03","date_gmt":"2024-04-16T23:39:03","guid":{"rendered":"https:\/\/blogdoedvaldomagalhaes.com.br\/?p=107524"},"modified":"2024-04-16T20:39:04","modified_gmt":"2024-04-16T23:39:04","slug":"governo-raquel-lyra-alcanca-45-milhoes-de-refeicoes-distribuidas-com-ampliacao-da-rede-de-cozinhas-comunitarias","status":"publish","type":"post","link":"https:\/\/blogdoedvaldomagalhaes.com.br\/index.php\/2024\/04\/16\/governo-raquel-lyra-alcanca-45-milhoes-de-refeicoes-distribuidas-com-ampliacao-da-rede-de-cozinhas-comunitarias\/","title":{"rendered":"Governo Raquel Lyra alcan\u00e7a 4,5 milh\u00f5es de refei\u00e7\u00f5es distribu\u00eddas com amplia\u00e7\u00e3o da rede de cozinhas comunit\u00e1rias"},"content":{"rendered":"<p><span style=\"font-size: revert;\">Nos primeiros quinze meses da gest\u00e3o Raquel Lyra, o n\u00famero de cozinhas comunit\u00e1rias espalhadas pelo Estado mais que dobrou e alcan\u00e7ou a marca de 4,5 milh\u00f5es refei\u00e7\u00f5es servidas a fam\u00edlias em vulnerabilidade social de todo o territ\u00f3rio pernambucano &#8211; foram 3,1 milh\u00f5es de refei\u00e7\u00f5es distribu\u00eddas pelos equipamentos em 2023 e 1,4 milh\u00e3o nos primeiros cem dias de 2024. Ao assumir a gest\u00e3o, a governadora encontrou 55 cozinhas comunit\u00e1rias em funcionamento e agora h\u00e1 113 unidades abertas.<\/span><\/p>\n<p>&#8220;Desde o in\u00edcio da gest\u00e3o, temos trabalhado com muita proximidade aos munic\u00edpios para que as pol\u00edticas p\u00fablicas cheguem na ponta e o combate \u00e0 forme \u00e9 algo emergencial, absolutamente priorit\u00e1rio. As cozinhas comunit\u00e1rias s\u00e3o um bom exemplo dessa parceria. O Governo do Estado tem cofinanciado a abertura de cozinhas em todas as regi\u00f5es, auxiliando as prefeituras no trabalho essencial de garantir seguran\u00e7a alimentar e nutricional a quem mais precisa. Duplicamos a rede e este ano vamos chegar a mais de 200 cozinhas abertas&#8221;, afirmou a governadora Raquel Lyra.<\/p>\n<p>O cofinanciamento para instala\u00e7\u00e3o e manuten\u00e7\u00e3o das cozinhas comunit\u00e1rias \u00e9 uma das a\u00e7\u00f5es do Bom Prato, um dos m\u00f3dulos do Pernambuco Sem Fome &#8211; os outros m\u00f3dulos s\u00e3o o M\u00e3es de Pernambuco e o Programa Estadual de Aquisi\u00e7\u00e3o de Alimentos da Agricultura Familiar (PEAAF). O Pernambuco Sem Fome tem um or\u00e7amento de R$ 469,5 milh\u00f5es este ano, o maior volume de investimento da hist\u00f3ria para o combate \u00e0 fome no Estado.<\/p>\n<p>As a\u00e7\u00f5es de combate \u00e0 fome est\u00e3o alcan\u00e7ando \u00eaxito gra\u00e7as \u00e0 constante e firme interlocu\u00e7\u00e3o entre o Governo do Estado e as prefeituras, do Litoral ao Sert\u00e3o. &#8220;Essa importante parceria entre Estados e munic\u00edpios tem tirado milhares de pessoas da situa\u00e7\u00e3o de inseguran\u00e7a alimentar. Nossa equipe trabalha em colabora\u00e7\u00e3o estreita com os munic\u00edpios, oferecendo apoio t\u00e9cnico e monitorando os resultados para que as metas sejam atingidas com excel\u00eancia&#8221;, destacou o secret\u00e1rio de Assist\u00eancia Social, Combate \u00e0 Fome e Pol\u00edticas sobre Drogas, Carlos Braga.<\/p>\n<p>Este ano, o Governo do Estado pactuou com os munic\u00edpios o cofinanciamento de R$ 39,2 milh\u00f5es em recursos para as cozinhas comunit\u00e1rias, sendo R$ 3,1 milh\u00f5es destinados \u00e0 instala\u00e7\u00e3o de novas unidades e R$ 36,1 milh\u00f5es para o custeio da rede j\u00e1 existente. O valor representa um aumento de 108% em rela\u00e7\u00e3o aos R$ 17,9 milh\u00f5es pagos em 2023, e um acr\u00e9scimo de 259% em compara\u00e7\u00e3o aos R$ 10,9 milh\u00f5es repassados em 2022.<\/p>\n<p>Cada cozinha instalada tem capacidade para oferecer 200 refei\u00e7\u00f5es di\u00e1rias, de segunda a sexta-feira. Esse \u00e9 um refor\u00e7o valioso para combater a fome em Pernambuco. De acordo com o 2\u00ba Inqu\u00e9rito sobre Inseguran\u00e7a Alimentar e Nutricional no Brasil, elaborado pela Rede Penssan, 54% da popula\u00e7\u00e3o do pa\u00eds vivencia algum n\u00edvel de inseguran\u00e7a alimentar e nutricional. Em Pernambuco, mais de cinco milh\u00f5es de pessoas se enquadram nesse recorte. <span style=\"font-size: revert;\">Foto: Miva Filho\/ Secom<\/span><\/p>\n<p>Seja seguidor do Instagram do Blog @blogdoedvaldomagalhaes<\/p>\n","protected":false},"excerpt":{"rendered":"<p>Nos primeiros quinze meses da gest\u00e3o Raquel Lyra, o n\u00famero de cozinhas comunit\u00e1rias espalhadas pelo Estado mais que dobrou e&hellip;<\/p>\n","protected":false},"author":1,"featured_media":107525,"comment_status":"closed","ping_status":"open","sticky":false,"template":"","format":"standard","meta":{"footnotes":""},"categories":[14120],"tags":[30253,27410,30254,2,30260,20295],"class_list":["post-107524","post","type-post","status-publish","format-standard","has-post-thumbnail","hentry","category-noticias","tag-blog-caruaru","tag-blog-de-caruaru","tag-blog-de-pernambuco","tag-blog-do-edvaldo-magalhaes","tag-governo-raquel-lyra","tag-politica-2"],"_links":{"self":[{"href":"https:\/\/blogdoedvaldomagalhaes.com.br\/index.php\/wp-json\/wp\/v2\/posts\/107524","targetHints":{"allow":["GET"]}}],"collection":[{"href":"https:\/\/blogdoedvaldomagalhaes.com.br\/index.php\/wp-json\/wp\/v2\/posts"}],"about":[{"href":"https:\/\/blogdoedvaldomagalhaes.com.br\/index.php\/wp-json\/wp\/v2\/types\/post"}],"author":[{"embeddable":true,"href":"https:\/\/blogdoedvaldomagalhaes.com.br\/index.php\/wp-json\/wp\/v2\/users\/1"}],"replies":[{"embeddable":true,"href":"https:\/\/blogdoedvaldomagalhaes.com.br\/index.php\/wp-json\/wp\/v2\/comments?post=107524"}],"version-history":[{"count":1,"href":"https:\/\/blogdoedvaldomagalhaes.com.br\/index.php\/wp-json\/wp\/v2\/posts\/107524\/revisions"}],"predecessor-version":[{"id":107526,"href":"https:\/\/blogdoedvaldomagalhaes.com.br\/index.php\/wp-json\/wp\/v2\/posts\/107524\/revisions\/107526"}],"wp:featuredmedia":[{"embeddable":true,"href":"https:\/\/blogdoedvaldomagalhaes.com.br\/index.php\/wp-json\/wp\/v2\/media\/107525"}],"wp:attachment":[{"href":"https:\/\/blogdoedvaldomagalhaes.com.br\/index.php\/wp-json\/wp\/v2\/media?parent=107524"}],"wp:term":[{"taxonomy":"category","embeddable":true,"href":"https:\/\/blogdoedvaldomagalhaes.com.br\/index.php\/wp-json\/wp\/v2\/categories?post=107524"},{"taxonomy":"post_tag","embeddable":true,"href":"https:\/\/blogdoedvaldomagalhaes.com.br\/index.php\/wp-json\/wp\/v2\/tags?post=107524"}],"curies":[{"name":"wp","href":"https:\/\/api.w.org\/{rel}","templated":true}]}}