{"id":107515,"date":"2024-04-16T19:42:07","date_gmt":"2024-04-16T22:42:07","guid":{"rendered":"https:\/\/blogdoedvaldomagalhaes.com.br\/?p=107515"},"modified":"2024-04-16T19:42:08","modified_gmt":"2024-04-16T22:42:08","slug":"prefeito-rodrigo-pinheiro-sera-um-dos-homenageados-do-15o-premio-da-musica-pernambucana","status":"publish","type":"post","link":"https:\/\/blogdoedvaldomagalhaes.com.br\/index.php\/2024\/04\/16\/prefeito-rodrigo-pinheiro-sera-um-dos-homenageados-do-15o-premio-da-musica-pernambucana\/","title":{"rendered":"Prefeito Rodrigo Pinheiro ser\u00e1 um dos homenageados do 15\u00ba Pr\u00eamio da M\u00fasica Pernambucana"},"content":{"rendered":"<p>O prefeito de Caruaru, Rodrigo Pinheiro, ser\u00e1 um dos homenageados do 15\u00ba Pr\u00eamio da M\u00fasica Pernambucana, cuja entrega ser\u00e1 no dia 30 de abril, no Teatro Santa Isabel, no Recife. O gestor municipal receber\u00e1 o pr\u00eamio ao lado do presidente da Funda\u00e7\u00e3o de Cultura de Caruaru (FCC), H\u00e9rlon Cavalcanti.<\/p>\n<p>Representando o prefeito, o presidente da FCC recebeu a excelente not\u00edcia do artista e produtor cultural George Luiz, que \u00e9 presidente da Associa\u00e7\u00e3o de Cantores e Int\u00e9rpretes de Pernambuco (ACINPE). Al\u00e9m dos pr\u00eamios para a gest\u00e3o municipal de Caruaru, diversos artistas de todo o estado tamb\u00e9m receber\u00e3o este reconhecimento.<\/p>\n<p>\u00c9 importante ressaltar que o prefeito Rodrigo Pinheiro ser\u00e1 o primeiro pol\u00edtico a receber este pr\u00eamio em toda a hist\u00f3ria do evento. A homenagem ser\u00e1 dada diante do intenso trabalho realizado pelo gestor municipal em prol da cultura local, como o aumento real dos cach\u00eas dos artistas que se apresentam no Maior e Melhor S\u00e3o Jo\u00e3o do Mundo, por exemplo, al\u00e9m das in\u00fameras a\u00e7\u00f5es culturais realizadas durante a gest\u00e3o. <\/p>\n<p>&#8220;Estou grato \u00e0 comiss\u00e3o do pr\u00eamio pela pesquisa e reconhecimento do nosso trabalho. Divido esse pr\u00eamio a todos da FCC. Agrade\u00e7o aos artistas pela parceria e um agradecimento especial ao meu amigo, o prefeito de Caruaru, Rodrigo Pinheiro, por proporcionar avan\u00e7os em todos os sentidos para nossa gente com muito di\u00e1logo, respeito e a\u00e7\u00f5es reais que est\u00e3o mudando a vida de tanta gente para melhor&#8221;, disse H\u00e9rlon Cavalcanti.<br \/>\nFoto: Jorge Farias\/Secom\/PMC<br \/>\nSeja seguidor do Instagram do Blog @blogdoedvaldomagalhaes<\/p>\n","protected":false},"excerpt":{"rendered":"<p>O prefeito de Caruaru, Rodrigo Pinheiro, ser\u00e1 um dos homenageados do 15\u00ba Pr\u00eamio da M\u00fasica Pernambucana, cuja entrega ser\u00e1 no&hellip;<\/p>\n","protected":false},"author":1,"featured_media":107516,"comment_status":"closed","ping_status":"open","sticky":false,"template":"","format":"standard","meta":{"footnotes":""},"categories":[14122],"tags":[29440,2,28801,3406,20,30257],"class_list":["post-107515","post","type-post","status-publish","format-standard","has-post-thumbnail","hentry","category-politica","tag-blog-com-mais-visualizacao","tag-blog-do-edvaldo-magalhaes","tag-blog-mais-acessado","tag-caruaru","tag-politica","tag-prefeito-rodrigo-pinheiro-sera-um-dos-homenageados-do-15o-premio-da-musica-pernambucana"],"_links":{"self":[{"href":"https:\/\/blogdoedvaldomagalhaes.com.br\/index.php\/wp-json\/wp\/v2\/posts\/107515","targetHints":{"allow":["GET"]}}],"collection":[{"href":"https:\/\/blogdoedvaldomagalhaes.com.br\/index.php\/wp-json\/wp\/v2\/posts"}],"about":[{"href":"https:\/\/blogdoedvaldomagalhaes.com.br\/index.php\/wp-json\/wp\/v2\/types\/post"}],"author":[{"embeddable":true,"href":"https:\/\/blogdoedvaldomagalhaes.com.br\/index.php\/wp-json\/wp\/v2\/users\/1"}],"replies":[{"embeddable":true,"href":"https:\/\/blogdoedvaldomagalhaes.com.br\/index.php\/wp-json\/wp\/v2\/comments?post=107515"}],"version-history":[{"count":1,"href":"https:\/\/blogdoedvaldomagalhaes.com.br\/index.php\/wp-json\/wp\/v2\/posts\/107515\/revisions"}],"predecessor-version":[{"id":107517,"href":"https:\/\/blogdoedvaldomagalhaes.com.br\/index.php\/wp-json\/wp\/v2\/posts\/107515\/revisions\/107517"}],"wp:featuredmedia":[{"embeddable":true,"href":"https:\/\/blogdoedvaldomagalhaes.com.br\/index.php\/wp-json\/wp\/v2\/media\/107516"}],"wp:attachment":[{"href":"https:\/\/blogdoedvaldomagalhaes.com.br\/index.php\/wp-json\/wp\/v2\/media?parent=107515"}],"wp:term":[{"taxonomy":"category","embeddable":true,"href":"https:\/\/blogdoedvaldomagalhaes.com.br\/index.php\/wp-json\/wp\/v2\/categories?post=107515"},{"taxonomy":"post_tag","embeddable":true,"href":"https:\/\/blogdoedvaldomagalhaes.com.br\/index.php\/wp-json\/wp\/v2\/tags?post=107515"}],"curies":[{"name":"wp","href":"https:\/\/api.w.org\/{rel}","templated":true}]}}