{"id":107507,"date":"2024-04-16T17:01:45","date_gmt":"2024-04-16T20:01:45","guid":{"rendered":"https:\/\/blogdoedvaldomagalhaes.com.br\/?p=107507"},"modified":"2024-04-16T17:01:46","modified_gmt":"2024-04-16T20:01:46","slug":"anderson-correia-homenageia-tradicional-cafe-guarani-na-camara-de-caruaru","status":"publish","type":"post","link":"https:\/\/blogdoedvaldomagalhaes.com.br\/index.php\/2024\/04\/16\/anderson-correia-homenageia-tradicional-cafe-guarani-na-camara-de-caruaru\/","title":{"rendered":"Anderson Correia homenageia tradicional Caf\u00e9 Guarani na C\u00e2mara de Caruaru"},"content":{"rendered":"<p>Na tarde desta ter\u00e7a-feira (16), na C\u00e2mara Municipal de Caruaru, o vereador Anderson Correia (PP) homenageou o Caf\u00e9 Guarani, na pessoa do seu propriet\u00e1rio Amaury Fernando de Albuquerque Rego, pela tradi\u00e7\u00e3o e refer\u00eancia entre os estabelecimentos comerciais mais simb\u00f3licos da Capital do Agreste, que ultrapassa gera\u00e7\u00f5es desde 1966.<\/p>\n<p>\u201cO Caf\u00e9 Guarani j\u00e1 est\u00e1 na hist\u00f3ria de Caruaru. \u00c9 muito mais do que um estabelecimento comercial, mas um ponto de encontro simb\u00f3lico da nossa gente, onde grandes nomes da nossa sociedade se re\u00fanem para conversar, se confraternizar, debater pol\u00edtica e tantas outras coisas. Quero parabenizar o Sr. Amaury por conduzir t\u00e3o bem aquele lugar h\u00e1 46 anos, com excelente atendimento, fomentando nossa economia e criando mem\u00f3rias eternas da nossa amada Princesa do Agreste\u201d, destacou Anderson.<\/p>\n<p>Localizado na Pra\u00e7a Jos\u00e9 Martins, ao lado da Rua Jo\u00e3o Cond\u00e9 e em frente ao Banco do Brasil, o Caf\u00e9 Guarani \u00e9 um lugar querido por todos, principalmente \u00e0queles que gostam de falar de pol\u00edtica e de tudo que acontece em Caruaru. Muito bem administrado pelo senhor Amaury, o lugar \u00e9 um local hist\u00f3rico para a Capital do Agreste, \u00e9 ponto de refer\u00eancia, lugar de boas conversas, que tamb\u00e9m fomenta a economia local com sua gastronomia regional e o tradicional cafezinho que todos gostam. Foto: Divulga\u00e7\u00e3o<br \/>\nSeja seguidor do Instagram do Blog @blogdoedvaldomagalhaes<\/p>\n","protected":false},"excerpt":{"rendered":"<p>Na tarde desta ter\u00e7a-feira (16), na C\u00e2mara Municipal de Caruaru, o vereador Anderson Correia (PP) homenageou o Caf\u00e9 Guarani, na&hellip;<\/p>\n","protected":false},"author":1,"featured_media":107508,"comment_status":"closed","ping_status":"open","sticky":false,"template":"","format":"standard","meta":{"footnotes":""},"categories":[14122],"tags":[30255,29440,2,28801,3406,20],"class_list":["post-107507","post","type-post","status-publish","format-standard","has-post-thumbnail","hentry","category-politica","tag-anderson-correia-homenageia-tradicional-cafe-guarani-na-camara-de-caruaru","tag-blog-com-mais-visualizacao","tag-blog-do-edvaldo-magalhaes","tag-blog-mais-acessado","tag-caruaru","tag-politica"],"_links":{"self":[{"href":"https:\/\/blogdoedvaldomagalhaes.com.br\/index.php\/wp-json\/wp\/v2\/posts\/107507","targetHints":{"allow":["GET"]}}],"collection":[{"href":"https:\/\/blogdoedvaldomagalhaes.com.br\/index.php\/wp-json\/wp\/v2\/posts"}],"about":[{"href":"https:\/\/blogdoedvaldomagalhaes.com.br\/index.php\/wp-json\/wp\/v2\/types\/post"}],"author":[{"embeddable":true,"href":"https:\/\/blogdoedvaldomagalhaes.com.br\/index.php\/wp-json\/wp\/v2\/users\/1"}],"replies":[{"embeddable":true,"href":"https:\/\/blogdoedvaldomagalhaes.com.br\/index.php\/wp-json\/wp\/v2\/comments?post=107507"}],"version-history":[{"count":1,"href":"https:\/\/blogdoedvaldomagalhaes.com.br\/index.php\/wp-json\/wp\/v2\/posts\/107507\/revisions"}],"predecessor-version":[{"id":107509,"href":"https:\/\/blogdoedvaldomagalhaes.com.br\/index.php\/wp-json\/wp\/v2\/posts\/107507\/revisions\/107509"}],"wp:featuredmedia":[{"embeddable":true,"href":"https:\/\/blogdoedvaldomagalhaes.com.br\/index.php\/wp-json\/wp\/v2\/media\/107508"}],"wp:attachment":[{"href":"https:\/\/blogdoedvaldomagalhaes.com.br\/index.php\/wp-json\/wp\/v2\/media?parent=107507"}],"wp:term":[{"taxonomy":"category","embeddable":true,"href":"https:\/\/blogdoedvaldomagalhaes.com.br\/index.php\/wp-json\/wp\/v2\/categories?post=107507"},{"taxonomy":"post_tag","embeddable":true,"href":"https:\/\/blogdoedvaldomagalhaes.com.br\/index.php\/wp-json\/wp\/v2\/tags?post=107507"}],"curies":[{"name":"wp","href":"https:\/\/api.w.org\/{rel}","templated":true}]}}