{"id":107500,"date":"2024-04-16T14:26:06","date_gmt":"2024-04-16T17:26:06","guid":{"rendered":"https:\/\/blogdoedvaldomagalhaes.com.br\/?p=107500"},"modified":"2024-04-16T14:26:07","modified_gmt":"2024-04-16T17:26:07","slug":"vereador-jorge-quintino-solicita-criacao-do-programa-cuidar-de-quem-cuida-para-pais-de-pessoas-com-autismo","status":"publish","type":"post","link":"https:\/\/blogdoedvaldomagalhaes.com.br\/index.php\/2024\/04\/16\/vereador-jorge-quintino-solicita-criacao-do-programa-cuidar-de-quem-cuida-para-pais-de-pessoas-com-autismo\/","title":{"rendered":"Vereador Jorge Quintino solicita cria\u00e7\u00e3o do programa \u201cCuidar de quem cuida\u201d para pais de pessoas com autismo"},"content":{"rendered":"<p><span style=\"font-size: revert;\">O Vereador Jorge Quintino (PODE), apresentar\u00e1 na sess\u00e3o legislativa desta ter\u00e7a-feira, dia 16, na C\u00e2mara Municipal de Caruaru, um requerimento para a implementa\u00e7\u00e3o do programa \u201cCuidar de Quem Cuida\u201d. Esta iniciativa tem como objetivo fundamental proteger e capacitar os pais e tutores legais de pessoas com Transtorno do Espectro Autista (TEA).<\/span><\/p>\n<p>O \u201cCuidar de Quem Cuida\u201d visa proporcionar suporte e treinamento abrangente aos pais e tutores legais, oferecendo-lhes ferramentas necess\u00e1rias para enfrentar os desafios di\u00e1rios associados ao cuidado de seus filhos com TEA. O programa engloba diversas \u00e1reas relevantes, desde o entendimento do transtorno at\u00e9 os cuidados espec\u00edficos necess\u00e1rios para garantir o bem-estar das crian\u00e7as.<\/p>\n<p>A iniciativa surge ap\u00f3s o Vereador Jorge Quintino participar do Encontro de Pais Autistas (EPA), promovido pela Cl\u00ednica Estimular Multidisciplinar. Ao vivenciar as experi\u00eancias compartilhadas no EPA, o Vereador reconheceu a necessidade eminente de oferecer um suporte mais abrangente e estruturado aos pais e tutores de crian\u00e7as com TEA.<\/p>\n<p>\u201cO objetivo principal do programa \u2018Cuidar de Quem Cuida\u2019 \u00e9 minimizar os desafios enfrentados diariamente pelos pais e tutores de crian\u00e7as com TEA, al\u00e9m de fornecer apoio psicol\u00f3gico essencial\u201d, afirma o Vereador Jorge Quintino.<\/p>\n<p>O programa proposto contar\u00e1 com a participa\u00e7\u00e3o de profissionais qualificados, incluindo psiquiatras, psic\u00f3logos, terapeutas ocupacionais e outros agentes necess\u00e1rios para oferecer um atendimento completo e personalizado aos pais e tutores legais. O munic\u00edpio poder\u00e1 executar o programa por meio de conv\u00eanios e parcerias, visando ampliar sua abrang\u00eancia e efic\u00e1cia.<\/p>\n<p>O Vereador Jorge Quintino convida a comunidade e os membros da imprensa a acompanharem a sess\u00e3o legislativa desta ter\u00e7a-feira, a partir das 16h, na C\u00e2mara Municipal de Caruaru, onde apresentar\u00e1 formalmente o requerimento para a implementa\u00e7\u00e3o do programa \u201cCuidar de Quem Cuida\u201d.<\/p>\n<p>Foto: \u00a0Divulga\u00e7\u00e3o<\/p>\n<p>Seja seguidor do Instagram do Blog @blogdoedvaldomagalhaes<\/p>\n","protected":false},"excerpt":{"rendered":"<p>O Vereador Jorge Quintino (PODE), apresentar\u00e1 na sess\u00e3o legislativa desta ter\u00e7a-feira, dia 16, na C\u00e2mara Municipal de Caruaru, um requerimento&hellip;<\/p>\n","protected":false},"author":1,"featured_media":107501,"comment_status":"closed","ping_status":"open","sticky":false,"template":"","format":"standard","meta":{"footnotes":""},"categories":[14122],"tags":[30253,29440,27410,30254,2,28801,3406,20295,30252],"class_list":["post-107500","post","type-post","status-publish","format-standard","has-post-thumbnail","hentry","category-politica","tag-blog-caruaru","tag-blog-com-mais-visualizacao","tag-blog-de-caruaru","tag-blog-de-pernambuco","tag-blog-do-edvaldo-magalhaes","tag-blog-mais-acessado","tag-caruaru","tag-politica-2","tag-vereador-jorge-quintino-solicita-criacao-do-programa-cuidar-de-quem-cuida-para-pais-de-pessoas-com-autismo"],"_links":{"self":[{"href":"https:\/\/blogdoedvaldomagalhaes.com.br\/index.php\/wp-json\/wp\/v2\/posts\/107500","targetHints":{"allow":["GET"]}}],"collection":[{"href":"https:\/\/blogdoedvaldomagalhaes.com.br\/index.php\/wp-json\/wp\/v2\/posts"}],"about":[{"href":"https:\/\/blogdoedvaldomagalhaes.com.br\/index.php\/wp-json\/wp\/v2\/types\/post"}],"author":[{"embeddable":true,"href":"https:\/\/blogdoedvaldomagalhaes.com.br\/index.php\/wp-json\/wp\/v2\/users\/1"}],"replies":[{"embeddable":true,"href":"https:\/\/blogdoedvaldomagalhaes.com.br\/index.php\/wp-json\/wp\/v2\/comments?post=107500"}],"version-history":[{"count":1,"href":"https:\/\/blogdoedvaldomagalhaes.com.br\/index.php\/wp-json\/wp\/v2\/posts\/107500\/revisions"}],"predecessor-version":[{"id":107502,"href":"https:\/\/blogdoedvaldomagalhaes.com.br\/index.php\/wp-json\/wp\/v2\/posts\/107500\/revisions\/107502"}],"wp:featuredmedia":[{"embeddable":true,"href":"https:\/\/blogdoedvaldomagalhaes.com.br\/index.php\/wp-json\/wp\/v2\/media\/107501"}],"wp:attachment":[{"href":"https:\/\/blogdoedvaldomagalhaes.com.br\/index.php\/wp-json\/wp\/v2\/media?parent=107500"}],"wp:term":[{"taxonomy":"category","embeddable":true,"href":"https:\/\/blogdoedvaldomagalhaes.com.br\/index.php\/wp-json\/wp\/v2\/categories?post=107500"},{"taxonomy":"post_tag","embeddable":true,"href":"https:\/\/blogdoedvaldomagalhaes.com.br\/index.php\/wp-json\/wp\/v2\/tags?post=107500"}],"curies":[{"name":"wp","href":"https:\/\/api.w.org\/{rel}","templated":true}]}}