{"id":1075,"date":"2018-10-06T22:47:00","date_gmt":"2018-10-07T01:47:00","guid":{"rendered":"http:\/\/blogdoedvaldomagalhaes.com.br\/index.php\/2018\/10\/06\/datafolha-senado-pe-humberto-27-jarbas\/"},"modified":"2019-02-09T02:34:11","modified_gmt":"2019-02-09T04:34:11","slug":"datafolha-senado-pe-humberto-27-jarbas","status":"publish","type":"post","link":"https:\/\/blogdoedvaldomagalhaes.com.br\/index.php\/2018\/10\/06\/datafolha-senado-pe-humberto-27-jarbas\/","title":{"rendered":"Datafolha Senado-PE: Humberto 27%; Jarbas 26% e Mendon\u00e7a 18% dos votos v\u00e1lidos"},"content":{"rendered":"<div class=\"separator\" style=\"clear: both; text-align: center;\">\n<a href=\"https:\/\/2.bp.blogspot.com\/-Mjj5RmIcD20\/W7k7XlH1rwI\/AAAAAAAA7Wo\/wOdmTghgYcEEHv0kmnqmvDibCKa2EaxlACLcBGAs\/s1600\/sim.jpg\" imageanchor=\"1\" style=\"margin-left: 1em; margin-right: 1em;\"><img loading=\"lazy\" decoding=\"async\" border=\"0\" data-original-height=\"410\" data-original-width=\"748\" height=\"350\" src=\"http:\/\/blogdoedvaldomagalhaes.com.br\/wp-content\/uploads\/2018\/10\/sim-2.jpg\" width=\"640\" \/><\/a><\/div>\n<p><\/p>\n<div style=\"background-color: white; border: 0px; margin-bottom: 1.5em; outline: 0px; padding: 0px; text-align: justify; vertical-align: baseline;\">\n<b>Do G1 Pernambuco<\/b><\/div>\n<div data-block-id=\"0\" data-block-type=\"unstyled\" data-block-weight=\"31\" style=\"-webkit-tap-highlight-color: rgba(26, 26, 26, 0.3); background-color: white; border: 0px; caret-color: rgb(27, 27, 27); margin: 0px; max-width: 100%; outline: 0px; padding: 0px; text-size-adjust: none; vertical-align: baseline;\">\n<div data-track-category=\"Link no Texto\" data-track-links=\"\" style=\"border: 0px; font-style: inherit; font-weight: inherit; margin-bottom: 1.5em; max-width: 100%; outline: 0px; padding: 0px; text-align: justify; vertical-align: baseline;\">\nPesquisa Datafolha divulgada neste s\u00e1bado (6) aponta os seguintes percentuais de voto para o Senado em Pernambuco. A margem de erro \u00e9 de 2 pontos percentuais para mais ou para menos.&nbsp;<\/div>\n<\/div>\n<div style=\"-webkit-tap-highlight-color: rgba(26, 26, 26, 0.3); background-color: white; border: 0px; caret-color: rgb(27, 27, 27); margin: 0px; max-width: 100%; outline: 0px; padding: 0px; text-size-adjust: none; vertical-align: baseline;\">\n<div data-block-id=\"3\" data-block-type=\"raw\" data-block-weight=\"46\" style=\"border: 0px; font-style: inherit; font-weight: inherit; margin: 0px; max-width: 100%; outline: 0px; padding: 0px; vertical-align: baseline;\">\n<ul style=\"border: 0px; font-style: inherit; font-weight: inherit; list-style-image: initial; list-style-position: initial; margin: 0px 0px 1.5em 2em; max-width: 100%; outline: 0px; padding: 0px; vertical-align: baseline;\">\n<li style=\"border: 0px; font-style: inherit; font-weight: inherit; margin: 0px; max-width: 100%; outline: 0px; padding: 0px; text-align: justify; vertical-align: baseline;\"><a href=\"http:\/\/g1.globo.com\/politica\/politico\/humberto-costa.html\" style=\"border: 0px; font-style: inherit; font-weight: inherit; margin: 0px; max-width: 100%; outline: 0px; padding: 0px; text-decoration-line: none; vertical-align: baseline;\">Humberto Costa<\/a>&nbsp;(<a href=\"http:\/\/g1.globo.com\/tudo-sobre\/pt\" style=\"border: 0px; font-style: inherit; font-weight: inherit; margin: 0px; max-width: 100%; outline: 0px; padding: 0px; text-decoration-line: none; vertical-align: baseline;\">PT<\/a>): 27%<\/li>\n<li style=\"border: 0px; font-style: inherit; font-weight: inherit; margin: 0px; max-width: 100%; outline: 0px; padding: 0px; text-align: justify; vertical-align: baseline;\"><a href=\"http:\/\/g1.globo.com\/politica\/politico\/jarbas.html\" style=\"border: 0px; font-style: inherit; font-weight: inherit; margin: 0px; max-width: 100%; outline: 0px; padding: 0px; text-decoration-line: none; vertical-align: baseline;\">Jarbas<\/a>&nbsp;(<a href=\"http:\/\/g1.globo.com\/tudo-sobre\/mdb\" style=\"border: 0px; font-style: inherit; font-weight: inherit; margin: 0px; max-width: 100%; outline: 0px; padding: 0px; text-decoration-line: none; vertical-align: baseline;\">MDB<\/a>): 26%<\/li>\n<li style=\"border: 0px; font-style: inherit; font-weight: inherit; margin: 0px; max-width: 100%; outline: 0px; padding: 0px; text-align: justify; vertical-align: baseline;\"><a href=\"http:\/\/g1.globo.com\/politica\/politico\/mendonca-filho.html\" style=\"border: 0px; font-style: inherit; font-weight: inherit; margin: 0px; max-width: 100%; outline: 0px; padding: 0px; text-decoration-line: none; vertical-align: baseline;\">Mendon\u00e7a Filho<\/a>&nbsp;(<a href=\"http:\/\/g1.globo.com\/tudo-sobre\/dem\" style=\"border: 0px; font-style: inherit; font-weight: inherit; margin: 0px; max-width: 100%; outline: 0px; padding: 0px; text-decoration-line: none; vertical-align: baseline;\">DEM<\/a>): 18%<\/li>\n<li style=\"border: 0px; font-style: inherit; font-weight: inherit; margin: 0px; max-width: 100%; outline: 0px; padding: 0px; text-align: justify; vertical-align: baseline;\"><a href=\"http:\/\/g1.globo.com\/politica\/politico\/silvio-serafim-costa.html\" style=\"border: 0px; font-style: inherit; font-weight: inherit; margin: 0px; max-width: 100%; outline: 0px; padding: 0px; text-decoration-line: none; vertical-align: baseline;\">Silvio Costa<\/a>&nbsp;(<a href=\"http:\/\/g1.globo.com\/tudo-sobre\/avante\" style=\"border: 0px; font-style: inherit; font-weight: inherit; margin: 0px; max-width: 100%; outline: 0px; padding: 0px; text-decoration-line: none; vertical-align: baseline;\">Avante<\/a>): 10%<\/li>\n<li style=\"border: 0px; font-style: inherit; font-weight: inherit; margin: 0px; max-width: 100%; outline: 0px; padding: 0px; text-align: justify; vertical-align: baseline;\"><a href=\"http:\/\/g1.globo.com\/politica\/politico\/bruno-araujo.html\" style=\"border: 0px; font-style: inherit; font-weight: inherit; margin: 0px; max-width: 100%; outline: 0px; padding: 0px; text-decoration-line: none; vertical-align: baseline;\">Bruno Ara\u00fajo<\/a>&nbsp;(<a href=\"http:\/\/g1.globo.com\/tudo-sobre\/psdb\" style=\"border: 0px; font-style: inherit; font-weight: inherit; margin: 0px; max-width: 100%; outline: 0px; padding: 0px; text-decoration-line: none; vertical-align: baseline;\">PSDB<\/a>): 9%<\/li>\n<li style=\"border: 0px; font-style: inherit; font-weight: inherit; margin: 0px; max-width: 100%; outline: 0px; padding: 0px; text-align: justify; vertical-align: baseline;\"><a href=\"http:\/\/g1.globo.com\/politica\/politico\/pastor-jairinho.html\" style=\"border: 0px; font-style: inherit; font-weight: inherit; margin: 0px; max-width: 100%; outline: 0px; padding: 0px; text-decoration-line: none; vertical-align: baseline;\">Pastor Jairinho<\/a>&nbsp;(<a href=\"http:\/\/g1.globo.com\/tudo-sobre\/rede\" style=\"border: 0px; font-style: inherit; font-weight: inherit; margin: 0px; max-width: 100%; outline: 0px; padding: 0px; text-decoration-line: none; vertical-align: baseline;\">Rede<\/a>): 4%<\/li>\n<li style=\"border: 0px; font-style: inherit; font-weight: inherit; margin: 0px; max-width: 100%; outline: 0px; padding: 0px; text-align: justify; vertical-align: baseline;\"><a href=\"http:\/\/g1.globo.com\/politica\/politico\/adriana-rocha.html\" style=\"border: 0px; font-style: inherit; font-weight: inherit; margin: 0px; max-width: 100%; outline: 0px; padding: 0px; text-decoration-line: none; vertical-align: baseline;\">Adriana Rocha<\/a>&nbsp;(Rede): 2%<\/li>\n<li style=\"border: 0px; font-style: inherit; font-weight: inherit; margin: 0px; max-width: 100%; outline: 0px; padding: 0px; text-align: justify; vertical-align: baseline;\"><a href=\"http:\/\/g1.globo.com\/politica\/politico\/eugenia.html\" style=\"border: 0px; font-style: inherit; font-weight: inherit; margin: 0px; max-width: 100%; outline: 0px; padding: 0px; text-decoration-line: none; vertical-align: baseline;\">Eug\u00eania<\/a>&nbsp;(<a href=\"http:\/\/g1.globo.com\/tudo-sobre\/psol\" style=\"border: 0px; font-style: inherit; font-weight: inherit; margin: 0px; max-width: 100%; outline: 0px; padding: 0px; text-decoration-line: none; vertical-align: baseline;\">PSOL<\/a>): 1%<\/li>\n<li style=\"border: 0px; font-style: inherit; font-weight: inherit; margin: 0px; max-width: 100%; outline: 0px; padding: 0px; text-align: justify; vertical-align: baseline;\"><a href=\"http:\/\/g1.globo.com\/politica\/politico\/helio-cabral.html\" style=\"border: 0px; font-style: inherit; font-weight: inherit; margin: 0px; max-width: 100%; outline: 0px; padding: 0px; text-decoration-line: none; vertical-align: baseline;\">H\u00e9lio Cabral<\/a>&nbsp;(<a href=\"http:\/\/g1.globo.com\/tudo-sobre\/pstu\" style=\"border: 0px; font-style: inherit; font-weight: inherit; margin: 0px; max-width: 100%; outline: 0px; padding: 0px; text-decoration-line: none; vertical-align: baseline;\">PSTU<\/a>): 1%<\/li>\n<li style=\"border: 0px; font-style: inherit; font-weight: inherit; margin: 0px; max-width: 100%; outline: 0px; padding: 0px; text-align: justify; vertical-align: baseline;\"><a href=\"http:\/\/g1.globo.com\/politica\/politico\/lidia-brunes.html\" style=\"border: 0px; font-style: inherit; font-weight: inherit; margin: 0px; max-width: 100%; outline: 0px; padding: 0px; text-decoration-line: none; vertical-align: baseline;\">L\u00eddia Brunes<\/a>&nbsp;(<a href=\"http:\/\/g1.globo.com\/tudo-sobre\/pros\" style=\"border: 0px; font-style: inherit; font-weight: inherit; margin: 0px; max-width: 100%; outline: 0px; padding: 0px; text-decoration-line: none; vertical-align: baseline;\">Pros<\/a>): 1%<\/li>\n<li style=\"border: 0px; font-style: inherit; font-weight: inherit; margin: 0px; max-width: 100%; outline: 0px; padding: 0px; text-align: justify; vertical-align: baseline;\"><a href=\"http:\/\/g1.globo.com\/politica\/politico\/albanise-pires.html\" style=\"border: 0px; font-style: inherit; font-weight: inherit; margin: 0px; max-width: 100%; outline: 0px; padding: 0px; text-decoration-line: none; vertical-align: baseline;\">Albanise Pires<\/a>&nbsp;(PSOL): 1%<\/li>\n<li style=\"border: 0px; font-style: inherit; font-weight: inherit; margin: 0px; max-width: 100%; outline: 0px; padding: 0px; text-align: justify; vertical-align: baseline;\"><a href=\"http:\/\/g1.globo.com\/politica\/politico\/alex-lima-rola.html\" style=\"border: 0px; font-style: inherit; font-weight: inherit; margin: 0px; max-width: 100%; outline: 0px; padding: 0px; text-decoration-line: none; vertical-align: baseline;\">Alex Rola<\/a>&nbsp;(<a href=\"http:\/\/g1.globo.com\/tudo-sobre\/pco\" style=\"border: 0px; font-style: inherit; font-weight: inherit; margin: 0px; max-width: 100%; outline: 0px; padding: 0px; text-decoration-line: none; vertical-align: baseline;\">PCO<\/a>): 0%<\/li>\n<\/ul>\n<\/div>\n<div data-block-id=\"4\" data-block-type=\"unstyled\" data-block-weight=\"37\" style=\"border: 0px; font-style: inherit; font-weight: inherit; margin: 0px; max-width: 100%; outline: 0px; padding: 0px; vertical-align: baseline;\">\n<div data-track-category=\"Link no Texto\" data-track-links=\"\" style=\"border: 0px; font-style: inherit; font-weight: inherit; margin-bottom: 1.5em; max-width: 100%; outline: 0px; padding: 0px; text-align: justify; vertical-align: baseline;\">\nPara calcular os votos v\u00e1lidos, s\u00e3o exclu\u00eddos da amostra os votos brancos, os nulos e os eleitores que se declaram indecisos. O procedimento \u00e9 o mesmo utilizado pela Justi\u00e7a Eleitoral para divulgar o resultado oficial da elei\u00e7\u00e3o.&nbsp;<\/div>\n<\/div>\n<div data-block-id=\"6\" data-block-type=\"unstyled\" data-block-weight=\"11\" style=\"border: 0px; font-style: inherit; font-weight: inherit; margin: 0px; max-width: 100%; outline: 0px; padding: 0px; vertical-align: baseline;\">\n<div data-track-category=\"Link no Texto\" data-track-links=\"\" style=\"border: 0px; font-style: inherit; font-weight: inherit; margin-bottom: 1.5em; max-width: 100%; outline: 0px; padding: 0px; text-align: justify; vertical-align: baseline;\">\nVeja, abaixo, o resultado da pesquisa Ibope considerando os votos totais.&nbsp;<\/div>\n<\/div>\n<div data-block-id=\"7\" data-block-type=\"raw\" data-block-weight=\"70\" style=\"border: 0px; font-style: inherit; font-weight: inherit; margin: 0px; max-width: 100%; outline: 0px; padding: 0px; vertical-align: baseline;\">\n<ul style=\"border: 0px; font-style: inherit; font-weight: inherit; list-style-image: initial; list-style-position: initial; margin: 0px 0px 1.5em 2em; max-width: 100%; outline: 0px; padding: 0px; vertical-align: baseline;\">\n<li style=\"border: 0px; font-style: inherit; font-weight: inherit; margin: 0px; max-width: 100%; outline: 0px; padding: 0px; text-align: justify; vertical-align: baseline;\">Humberto Costa (PT): 36%<\/li>\n<li style=\"border: 0px; font-style: inherit; font-weight: inherit; margin: 0px; max-width: 100%; outline: 0px; padding: 0px; text-align: justify; vertical-align: baseline;\">Jarbas (MDB): 36%<\/li>\n<li style=\"border: 0px; font-style: inherit; font-weight: inherit; margin: 0px; max-width: 100%; outline: 0px; padding: 0px; text-align: justify; vertical-align: baseline;\">Mendon\u00e7a Filho (DEM): 25%<\/li>\n<li style=\"border: 0px; font-style: inherit; font-weight: inherit; margin: 0px; max-width: 100%; outline: 0px; padding: 0px; text-align: justify; vertical-align: baseline;\">Silvio Costa (Avante): 14%<\/li>\n<li style=\"border: 0px; font-style: inherit; font-weight: inherit; margin: 0px; max-width: 100%; outline: 0px; padding: 0px; text-align: justify; vertical-align: baseline;\">Bruno Ara\u00fajo (PSDB): 12%<\/li>\n<li style=\"border: 0px; font-style: inherit; font-weight: inherit; margin: 0px; max-width: 100%; outline: 0px; padding: 0px; text-align: justify; vertical-align: baseline;\">Pastor Jairinho (Rede): 5%<\/li>\n<li style=\"border: 0px; font-style: inherit; font-weight: inherit; margin: 0px; max-width: 100%; outline: 0px; padding: 0px; text-align: justify; vertical-align: baseline;\">Adriana Rocha (Rede): 3%<\/li>\n<li style=\"border: 0px; font-style: inherit; font-weight: inherit; margin: 0px; max-width: 100%; outline: 0px; padding: 0px; text-align: justify; vertical-align: baseline;\">Eug\u00eania (PSOL): 2%<\/li>\n<li style=\"border: 0px; font-style: inherit; font-weight: inherit; margin: 0px; max-width: 100%; outline: 0px; padding: 0px; text-align: justify; vertical-align: baseline;\">H\u00e9lio Cabral (PSTU): 1%<\/li>\n<li style=\"border: 0px; font-style: inherit; font-weight: inherit; margin: 0px; max-width: 100%; outline: 0px; padding: 0px; text-align: justify; vertical-align: baseline;\">L\u00eddia Brunes (Pros): 1%<\/li>\n<li style=\"border: 0px; font-style: inherit; font-weight: inherit; margin: 0px; max-width: 100%; outline: 0px; padding: 0px; text-align: justify; vertical-align: baseline;\">Albanise Pires (PSOL): 1%<\/li>\n<li style=\"border: 0px; font-style: inherit; font-weight: inherit; margin: 0px; max-width: 100%; outline: 0px; padding: 0px; text-align: justify; vertical-align: baseline;\">Alex Rola (PCO): 1%<\/li>\n<li style=\"border: 0px; font-style: inherit; font-weight: inherit; margin: 0px; max-width: 100%; outline: 0px; padding: 0px; text-align: justify; vertical-align: baseline;\">Brancos\/nulos \u2013 Vaga 1: 19%<\/li>\n<li style=\"border: 0px; font-style: inherit; font-weight: inherit; margin: 0px; max-width: 100%; outline: 0px; padding: 0px; text-align: justify; vertical-align: baseline;\">Brancos\/nulos \u2013 Vaga 2: 26%<\/li>\n<li style=\"border: 0px; font-style: inherit; font-weight: inherit; margin: 0px; max-width: 100%; outline: 0px; padding: 0px; text-align: justify; vertical-align: baseline;\">N\u00e3o sabe\/n\u00e3o respondeu \u2013 Vaga 1: 7%<\/li>\n<li style=\"border: 0px; font-style: inherit; font-weight: inherit; margin: 0px; max-width: 100%; outline: 0px; padding: 0px; text-align: justify; vertical-align: baseline;\">N\u00e3o sabe\/n\u00e3o respondeu \u2013 Vaga 2: 12%<\/li>\n<\/ul>\n<\/div>\n<div data-block-id=\"9\" data-block-type=\"raw\" data-block-weight=\"89\" style=\"border: 0px; font-style: inherit; font-weight: inherit; margin: 0px; max-width: 100%; outline: 0px; padding: 0px; vertical-align: baseline;\">\n<ul style=\"border: 0px; font-style: inherit; font-weight: inherit; list-style-image: initial; list-style-position: initial; margin: 0px 0px 1.5em 2em; max-width: 100%; outline: 0px; padding: 0px; vertical-align: baseline;\">\n<li style=\"border: 0px; font-style: inherit; font-weight: inherit; margin: 0px; max-width: 100%; outline: 0px; padding: 0px; text-align: justify; vertical-align: baseline;\">Margem de erro: 2 pontos percentuais para mais ou para menos<\/li>\n<li style=\"border: 0px; font-style: inherit; font-weight: inherit; margin: 0px; max-width: 100%; outline: 0px; padding: 0px; text-align: justify; vertical-align: baseline;\">Quem foi ouvido: 2.674 eleitores, com 16 anos ou mais, em 59 munic\u00edpios<\/li>\n<li style=\"border: 0px; font-style: inherit; font-weight: inherit; margin: 0px; max-width: 100%; outline: 0px; padding: 0px; text-align: justify; vertical-align: baseline;\">Quando a pesquisa foi feita: nos dias 5 e 6 de outubro<\/li>\n<li style=\"border: 0px; font-style: inherit; font-weight: inherit; margin: 0px; max-width: 100%; outline: 0px; padding: 0px; text-align: justify; vertical-align: baseline;\">Registro no TSE: PE\u201005100\/2018<\/li>\n<li style=\"border: 0px; font-style: inherit; font-weight: inherit; margin: 0px; max-width: 100%; outline: 0px; padding: 0px; text-align: justify; vertical-align: baseline;\">O n\u00edvel de confian\u00e7a utilizado \u00e9 de 95%. Isso quer dizer que h\u00e1 uma probabilidade de 95% de os resultados retratarem o atual momento eleitoral, considerando a margem de erro<\/li>\n<li style=\"border: 0px; font-style: inherit; font-weight: inherit; margin: 0px; max-width: 100%; outline: 0px; padding: 0px; text-align: justify; vertical-align: baseline;\">0% significa que o candidato n\u00e3o atingiu 1%. Tra\u00e7o significa que o candidato n\u00e3o foi citado por nenhum entrevistado<\/li>\n<\/ul>\n<\/div>\n<\/div>\n<p><\/p>\n<div style=\"background-color: white; border: 0px; float: none; margin: 0px; outline: 0px; padding: 0px; vertical-align: baseline;\">\n<a href=\"http:\/\/blogdomarioflavio.com.br\/vs1\/\" style=\"border: 0px; font-style: inherit; font-weight: inherit; margin: 0px; outline: 0px; padding: 0px; vertical-align: baseline;\"><\/a><\/div>\n<p><\/p>\n<div data-track-action=\"ultimo chunk conteudo\" data-track-category=\"fim do conteudo\" data-track-noninteraction=\"false\" data-track-scroll=\"entrada completa viewport\" style=\"-webkit-tap-highlight-color: rgba(26, 26, 26, 0.3); -webkit-text-stroke-width: 0px; background-color: white; border: 0px; caret-color: rgb(27, 27, 27); font-style: normal; font-variant-caps: normal; font-variant-ligatures: normal; font-weight: normal; letter-spacing: normal; margin: 0px; max-width: 100%; orphans: 2; outline: 0px; padding: 0px; text-align: start; text-decoration: none; text-indent: 0px; text-size-adjust: none; text-transform: none; vertical-align: baseline; white-space: normal; widows: 2; word-spacing: 0px;\">\n<div data-block-id=\"10\" data-block-type=\"unstyled\" data-block-weight=\"11\" style=\"border: 0px; font-style: inherit; font-weight: inherit; margin: 0px; max-width: 100%; outline: 0px; padding: 0px; vertical-align: baseline;\">\n<div data-track-category=\"Link no Texto\" data-track-links=\"\" style=\"border: 0px; font-style: inherit; font-weight: inherit; margin: 0px 0px 1.5em; max-width: 100%; outline: 0px; padding: 0px; text-align: justify; vertical-align: baseline;\">\nA pesquisa foi contratada pela TV Globo e Folha de S.Paulo<\/div>\n<\/div>\n<\/div>\n","protected":false},"excerpt":{"rendered":"<p>Do G1 Pernambuco Pesquisa Datafolha divulgada neste s\u00e1bado (6) aponta os seguintes percentuais de voto para o Senado em Pernambuco.&hellip;<\/p>\n","protected":false},"author":1,"featured_media":0,"comment_status":"open","ping_status":"open","sticky":false,"template":"","format":"standard","meta":{"footnotes":""},"categories":[1],"tags":[2,1021,20],"class_list":["post-1075","post","type-post","status-publish","format-standard","hentry","category-sem-categoria","tag-blog-do-edvaldo-magalhaes","tag-datafolha-senado-pe-humberto-27-jarbas-26-e-mendonca-18-dos-votos-validos","tag-politica"],"_links":{"self":[{"href":"https:\/\/blogdoedvaldomagalhaes.com.br\/index.php\/wp-json\/wp\/v2\/posts\/1075","targetHints":{"allow":["GET"]}}],"collection":[{"href":"https:\/\/blogdoedvaldomagalhaes.com.br\/index.php\/wp-json\/wp\/v2\/posts"}],"about":[{"href":"https:\/\/blogdoedvaldomagalhaes.com.br\/index.php\/wp-json\/wp\/v2\/types\/post"}],"author":[{"embeddable":true,"href":"https:\/\/blogdoedvaldomagalhaes.com.br\/index.php\/wp-json\/wp\/v2\/users\/1"}],"replies":[{"embeddable":true,"href":"https:\/\/blogdoedvaldomagalhaes.com.br\/index.php\/wp-json\/wp\/v2\/comments?post=1075"}],"version-history":[{"count":1,"href":"https:\/\/blogdoedvaldomagalhaes.com.br\/index.php\/wp-json\/wp\/v2\/posts\/1075\/revisions"}],"predecessor-version":[{"id":34728,"href":"https:\/\/blogdoedvaldomagalhaes.com.br\/index.php\/wp-json\/wp\/v2\/posts\/1075\/revisions\/34728"}],"wp:attachment":[{"href":"https:\/\/blogdoedvaldomagalhaes.com.br\/index.php\/wp-json\/wp\/v2\/media?parent=1075"}],"wp:term":[{"taxonomy":"category","embeddable":true,"href":"https:\/\/blogdoedvaldomagalhaes.com.br\/index.php\/wp-json\/wp\/v2\/categories?post=1075"},{"taxonomy":"post_tag","embeddable":true,"href":"https:\/\/blogdoedvaldomagalhaes.com.br\/index.php\/wp-json\/wp\/v2\/tags?post=1075"}],"curies":[{"name":"wp","href":"https:\/\/api.w.org\/{rel}","templated":true}]}}