{"id":107497,"date":"2024-04-16T14:20:41","date_gmt":"2024-04-16T17:20:41","guid":{"rendered":"https:\/\/blogdoedvaldomagalhaes.com.br\/?p=107497"},"modified":"2024-04-16T14:40:19","modified_gmt":"2024-04-16T17:40:19","slug":"uma-historia-de-esperanca","status":"publish","type":"post","link":"https:\/\/blogdoedvaldomagalhaes.com.br\/index.php\/2024\/04\/16\/uma-historia-de-esperanca\/","title":{"rendered":"Uma hist\u00f3ria de esperan\u00e7a"},"content":{"rendered":"<p class=\"s5\"><span style=\"font-size: revert;\">A advogada Germana Alencar cansou de ouvir as pessoas do seu entorno minimizarem uma dor cr\u00f4nica e intensa que ela sentia e precisava superar durante oito dias, a cada m\u00eas, \u00a0ao mesmo tempo em que enfrentava a rotina di\u00e1ria. Aquilo a incomodava n\u00e3o s\u00f3 pelo sofrimento f\u00edsico. Era como se falar das dores insuport\u00e1veis e paralisantes fosse sinal de fraqueza. Desde a adolesc\u00eancia era assim, mas Germana passou a suplantar a dor muitas vezes no sil\u00eancio. Via-se submetida \u00e0 cultura muitas vezes imposta \u00e0 mulher, que dita algo como \u201cessa dor \u00e9 normal\u201d para um corpo feminino.<\/span><\/p>\n<p class=\"s3\"><span class=\"s2\"><span class=\"bumpedFont15\">Germana recorda at\u00e9 hoje quando, ainda menina, esperava o hor\u00e1rio de encontrar uma colega adolescente que tinha acesso a um rem\u00e9dio mais potente para suportar as dores para que ambas assistissem \u00e0s aulas regulares. Demorou para que ela descobrisse que n\u00e3o se tratava de \u201cbobagem ou fraqueza\u201d sua. Germana era portadora de endometriose e n\u00e3o sabia. <\/span><\/span><\/p>\n<p class=\"s3\"><span class=\"s2\"><span class=\"bumpedFont15\">A endometriose \u00e9 uma condi\u00e7\u00e3o inflamat\u00f3ria. Afeta 7 milh\u00f5es de pessoas que menstruam no Brasil e 176 milh\u00f5es no mundo, segundo a Organiza\u00e7\u00e3o Mundial da Sa\u00fade (OMS). A doen\u00e7a acontece quando a camada interna do \u00fatero, chamada de endom\u00e9trio, migra para fora e se espalha por outros locais do corpo, causando les\u00f5es e inflama\u00e7\u00f5es aos \u00f3rg\u00e3os. \u00a0<\/span><\/span><\/p>\n<p class=\"s3\"><span class=\"s2\"><span class=\"bumpedFont15\">A endometriose \u00e9 tema de uma grande campanha nacional intitulada Mar\u00e7o Amarelo. Ela \u00e9 voltada para a conscientiza\u00e7\u00e3o desta condi\u00e7\u00e3o t\u00e3o negligenciada na sa\u00fade da mulher e na luta por diagn\u00f3sticos precoces. Entre 80% e 90% das mulheres que sofrem com a endometriose enfrentam c\u00f3licas menstruais e dores nas rela\u00e7\u00f5es sexuais, dor p\u00e9lvica, anemia e fadiga, dor ao defecar ou modifica\u00e7\u00e3o do funcionamento intestinal. As mulheres em fase reprodutiva enfrentam risco ampliado da infertilidade. Estudos estimam que 40% das pacientes com idade reprodutiva e com endometriose lidam com problemas para engravidar.<\/span><\/span><\/p>\n<p class=\"s3\"><span class=\"s2\"><span class=\"bumpedFont15\"><br \/><\/span><\/span><span class=\"s2\"><span class=\"bumpedFont15\">Germana Alencar, por exemplo, queria engravidar e, at\u00e9 poucos anos atr\u00e1s, achava que n\u00e3o poderia &#8211; ainda que n\u00e3o soubesse ao certo a raz\u00e3o do impedimento. Em 2018, j\u00e1 adulta, a partir de um diagn\u00f3stico mais preciso e com a ajuda de exames mais detalhados, descobriu que tinha endometriose. A advogada passou a dar a merecida aten\u00e7\u00e3o \u00e0 doen\u00e7a. \u00a0O tratamento adequado e a realiza\u00e7\u00e3o de uma cirurgia, em 2019, foi uma liberta\u00e7\u00e3o para ela. \u00a0Ao mesmo tempo, outros exames revelaram uma s\u00e9rie de problemas desde o nascimento. A Malforma\u00e7\u00e3o mulleriana (no caso, \u00fatero unicorcocom corno rudimentar) &#8211; associado \u00e0 hematossalpinge &#8211; foi uma das descobertas. Trata-se de uma anomalia do trato reprodutivo feminino que tamb\u00e9m precisava de aten\u00e7\u00e3o. <\/span><\/span><\/p>\n<p class=\"s3\"><span class=\"s2\"><span class=\"bumpedFont15\">\u201cA endometriose \u00e9 uma doen\u00e7a que costuma ser cercada de mitos e falsas verdades, o que tem rela\u00e7\u00e3o direta com a falta de informa\u00e7\u00e3o\u201d, diz a m\u00e9dica radiologista Andr\u00e9a Leite. \u201cPrecisamos estar unidas para propagar dados corretos, falar da import\u00e2ncia do acompanhamento regular dos especialistas e da realiza\u00e7\u00e3o de exames acurados para que provid\u00eancias sejam tomadas e as mulheres possam ter uma vida saud\u00e1vel\u201d, completa Andr\u00e9a Leite, do Centro de Diagn\u00f3stico Lucilo \u00c1vila (CDLA), institui\u00e7\u00e3o refer\u00eancia em exames de imagens em Pernambuco e que encampa agora em mar\u00e7o a Campanha Nacional Amarelo-Lil\u00e1s. <\/span><\/span><\/p>\n<p class=\"s3\"><span class=\"s2\"><span class=\"bumpedFont15\">O diagn\u00f3stico da endometriose pode ser feito a partir de exames como a ultrassonografia, a resson\u00e2ncia magn\u00e9tica e an\u00e1lises de sangue. Em centros de imagem como o Lucilo \u00c1vila, os exames destinados ao diagn\u00f3stico s\u00e3o as ultrassonografias transvaginal comum e a ultrassonografia com preparo intestinal, para mapeamento da endometriose, e a resson\u00e2ncia magn\u00e9tica da pelve. J\u00e1 o exame com preparo intestinal recomendado \u00e0s mulheres com endometriose consegue investigar com detalhamento e precis\u00e3o a sa\u00fade dos compartimentos da pelve, incluindo ligamentos importantes, \u00fatero e ov\u00e1rios. Permite ainda visualizar trompa, bexiga e ureteres e por\u00e7\u00f5es do reto inferior, m\u00e9dio e superior. E ainda possibilita a visualiza\u00e7\u00e3o das estruturas sutis como o perit\u00f4nio, que recobre os \u00f3rg\u00e3os p\u00e9lvicos e abdominais. Com exames complementares de imagem, faz-se um mapeamento p\u00e9lvico capaz de mostrar \u00e0 equipe m\u00e9dica a localiza\u00e7\u00e3o, tamanho e extens\u00e3o das les\u00f5es. <\/span><\/span><\/p>\n<p class=\"s3\"><span class=\"s2\"><span class=\"bumpedFont15\">Al\u00e9m da medica\u00e7\u00e3o adequada para reduzir as dores geradas pela endometriose, a cirurgia de Germana trouxe uma esperan\u00e7a que ela j\u00e1 n\u00e3o nutria mais: \u201cImaginei que n\u00e3o poderia engravidar. Mas eu posso e voc\u00ea n\u00e3o imagina o que isso significou para mim\u201d. Ela chegou a engravidar, mas acabou por perder o beb\u00ea. Foi uma not\u00edcia das mais tristes. A gesta\u00e7\u00e3o, no entanto, lhe renovou a esperan\u00e7a de ser m\u00e3e e a alegria de saber que seu corpo pode gestar. <\/span><\/span><\/p>\n<p class=\"s3\"><span class=\"s2\"><span class=\"bumpedFont15\">A recomenda\u00e7\u00e3o dos m\u00e9dicos \u00e9 que, assim como Germana, mulheres que sentem dores persistentes e cr\u00f4nicas procurem um ginecologista de sua confian\u00e7a e fa\u00e7a com regularidade o acompanhamento diagn\u00f3stico em imagens. Se poss\u00edvel, contando com especialistas em endometriose. Foto: Divulga\u00e7\u00e3o.<\/span><\/span><\/p>\n<p class=\"s3\">\n\n\n<figure class=\"wp-block-image size-large\"><img loading=\"lazy\" decoding=\"async\" width=\"1024\" height=\"682\" src=\"https:\/\/blogdoedvaldomagalhaes.com.br\/wp-content\/uploads\/2024\/04\/13649573-a599-47f8-9ea6-26cd5b1cb685-1024x682.jpeg\" alt=\"\" class=\"wp-image-107503\" srcset=\"https:\/\/blogdoedvaldomagalhaes.com.br\/wp-content\/uploads\/2024\/04\/13649573-a599-47f8-9ea6-26cd5b1cb685-1024x682.jpeg 1024w, https:\/\/blogdoedvaldomagalhaes.com.br\/wp-content\/uploads\/2024\/04\/13649573-a599-47f8-9ea6-26cd5b1cb685-300x200.jpeg 300w, https:\/\/blogdoedvaldomagalhaes.com.br\/wp-content\/uploads\/2024\/04\/13649573-a599-47f8-9ea6-26cd5b1cb685-768x512.jpeg 768w, https:\/\/blogdoedvaldomagalhaes.com.br\/wp-content\/uploads\/2024\/04\/13649573-a599-47f8-9ea6-26cd5b1cb685.jpeg 1280w\" sizes=\"auto, (max-width: 1024px) 100vw, 1024px\" \/><\/figure>\n\n\n\n<p>Dra. Andrea Leite, m\u00e9dica radiologista do Lucilo \u00c1vila<\/p>\n","protected":false},"excerpt":{"rendered":"<p>A advogada Germana Alencar cansou de ouvir as pessoas do seu entorno minimizarem uma dor cr\u00f4nica e intensa que ela&hellip;<\/p>\n","protected":false},"author":1,"featured_media":107498,"comment_status":"closed","ping_status":"open","sticky":false,"template":"","format":"standard","meta":{"footnotes":""},"categories":[14120],"tags":[29440,2,28801,3406,30251],"class_list":["post-107497","post","type-post","status-publish","format-standard","has-post-thumbnail","hentry","category-noticias","tag-blog-com-mais-visualizacao","tag-blog-do-edvaldo-magalhaes","tag-blog-mais-acessado","tag-caruaru","tag-uma-historia-de-esperanca"],"_links":{"self":[{"href":"https:\/\/blogdoedvaldomagalhaes.com.br\/index.php\/wp-json\/wp\/v2\/posts\/107497","targetHints":{"allow":["GET"]}}],"collection":[{"href":"https:\/\/blogdoedvaldomagalhaes.com.br\/index.php\/wp-json\/wp\/v2\/posts"}],"about":[{"href":"https:\/\/blogdoedvaldomagalhaes.com.br\/index.php\/wp-json\/wp\/v2\/types\/post"}],"author":[{"embeddable":true,"href":"https:\/\/blogdoedvaldomagalhaes.com.br\/index.php\/wp-json\/wp\/v2\/users\/1"}],"replies":[{"embeddable":true,"href":"https:\/\/blogdoedvaldomagalhaes.com.br\/index.php\/wp-json\/wp\/v2\/comments?post=107497"}],"version-history":[{"count":3,"href":"https:\/\/blogdoedvaldomagalhaes.com.br\/index.php\/wp-json\/wp\/v2\/posts\/107497\/revisions"}],"predecessor-version":[{"id":107506,"href":"https:\/\/blogdoedvaldomagalhaes.com.br\/index.php\/wp-json\/wp\/v2\/posts\/107497\/revisions\/107506"}],"wp:featuredmedia":[{"embeddable":true,"href":"https:\/\/blogdoedvaldomagalhaes.com.br\/index.php\/wp-json\/wp\/v2\/media\/107498"}],"wp:attachment":[{"href":"https:\/\/blogdoedvaldomagalhaes.com.br\/index.php\/wp-json\/wp\/v2\/media?parent=107497"}],"wp:term":[{"taxonomy":"category","embeddable":true,"href":"https:\/\/blogdoedvaldomagalhaes.com.br\/index.php\/wp-json\/wp\/v2\/categories?post=107497"},{"taxonomy":"post_tag","embeddable":true,"href":"https:\/\/blogdoedvaldomagalhaes.com.br\/index.php\/wp-json\/wp\/v2\/tags?post=107497"}],"curies":[{"name":"wp","href":"https:\/\/api.w.org\/{rel}","templated":true}]}}