{"id":107487,"date":"2024-04-16T13:43:29","date_gmt":"2024-04-16T16:43:29","guid":{"rendered":"https:\/\/blogdoedvaldomagalhaes.com.br\/?p=107487"},"modified":"2024-04-16T13:54:36","modified_gmt":"2024-04-16T16:54:36","slug":"homem-e-assassinado-e-filho-tem-mao-decepada-em-caruaru","status":"publish","type":"post","link":"https:\/\/blogdoedvaldomagalhaes.com.br\/index.php\/2024\/04\/16\/homem-e-assassinado-e-filho-tem-mao-decepada-em-caruaru\/","title":{"rendered":"Homem \u00e9 assassinado e filho tem m\u00e3o decepada em Caruaru"},"content":{"rendered":"<p>Uma discuss\u00e3o terminou com uma pessoa morta e outras duas feridas no s\u00edtio Taquara de S\u00e3o Pedro, na zona rural de Caruaru. \u00a0O caso ocorreu no final da noite dessa segunda-feira (15.04), mas a Pol\u00edcia Civil s\u00f3 tomou conhecimento na manh\u00e3 desta ter\u00e7a-feira (16.04).<\/p>\n<p>Um homem foi assassinado com \u00a0golpes de foice. Luiz Bernardo de Almeida, 43 anos de idade, morava na localidade. Um filho tentou evitar o homic\u00eddio e teve uma das m\u00e3os decepada. Outro homem \u00a0ficou ferido na cabe\u00e7a. A pol\u00edcia j\u00e1 identificou o autor do crime e tenta localiza-lo para efetuar a pris\u00e3o.<\/p>\n<p>Esse foi o 4\u2022 homic\u00eddio no m\u00eas de abril e o \u00a037\u2022 no ano de 2024, em Caruaru. Foto: Reprodu\u00e7\u00e3o\/WhatsApp.<\/p>\n<p>Seja seguidor do Instagram do Blog @blogdoedvaldomagalhaes<\/p>\n","protected":false},"excerpt":{"rendered":"<p>Uma discuss\u00e3o terminou com uma pessoa morta e outras duas feridas no s\u00edtio Taquara de S\u00e3o Pedro, na zona rural&hellip;<\/p>\n","protected":false},"author":1,"featured_media":107488,"comment_status":"closed","ping_status":"open","sticky":false,"template":"","format":"standard","meta":{"footnotes":""},"categories":[14121],"tags":[29440,2,28801,3406,30250,5448],"class_list":["post-107487","post","type-post","status-publish","format-standard","has-post-thumbnail","hentry","category-policial","tag-blog-com-mais-visualizacao","tag-blog-do-edvaldo-magalhaes","tag-blog-mais-acessado","tag-caruaru","tag-homem-e-assassinado-e-filho-tem-mao-decepada-em-caruaru","tag-homicidio"],"_links":{"self":[{"href":"https:\/\/blogdoedvaldomagalhaes.com.br\/index.php\/wp-json\/wp\/v2\/posts\/107487","targetHints":{"allow":["GET"]}}],"collection":[{"href":"https:\/\/blogdoedvaldomagalhaes.com.br\/index.php\/wp-json\/wp\/v2\/posts"}],"about":[{"href":"https:\/\/blogdoedvaldomagalhaes.com.br\/index.php\/wp-json\/wp\/v2\/types\/post"}],"author":[{"embeddable":true,"href":"https:\/\/blogdoedvaldomagalhaes.com.br\/index.php\/wp-json\/wp\/v2\/users\/1"}],"replies":[{"embeddable":true,"href":"https:\/\/blogdoedvaldomagalhaes.com.br\/index.php\/wp-json\/wp\/v2\/comments?post=107487"}],"version-history":[{"count":5,"href":"https:\/\/blogdoedvaldomagalhaes.com.br\/index.php\/wp-json\/wp\/v2\/posts\/107487\/revisions"}],"predecessor-version":[{"id":107496,"href":"https:\/\/blogdoedvaldomagalhaes.com.br\/index.php\/wp-json\/wp\/v2\/posts\/107487\/revisions\/107496"}],"wp:featuredmedia":[{"embeddable":true,"href":"https:\/\/blogdoedvaldomagalhaes.com.br\/index.php\/wp-json\/wp\/v2\/media\/107488"}],"wp:attachment":[{"href":"https:\/\/blogdoedvaldomagalhaes.com.br\/index.php\/wp-json\/wp\/v2\/media?parent=107487"}],"wp:term":[{"taxonomy":"category","embeddable":true,"href":"https:\/\/blogdoedvaldomagalhaes.com.br\/index.php\/wp-json\/wp\/v2\/categories?post=107487"},{"taxonomy":"post_tag","embeddable":true,"href":"https:\/\/blogdoedvaldomagalhaes.com.br\/index.php\/wp-json\/wp\/v2\/tags?post=107487"}],"curies":[{"name":"wp","href":"https:\/\/api.w.org\/{rel}","templated":true}]}}