{"id":107457,"date":"2024-04-15T12:39:57","date_gmt":"2024-04-15T15:39:57","guid":{"rendered":"https:\/\/blogdoedvaldomagalhaes.com.br\/?p=107457"},"modified":"2024-04-15T12:39:58","modified_gmt":"2024-04-15T15:39:58","slug":"spm-caruaru-abre-vagas-para-oficina-de-fotografia-com-celular","status":"publish","type":"post","link":"https:\/\/blogdoedvaldomagalhaes.com.br\/index.php\/2024\/04\/15\/spm-caruaru-abre-vagas-para-oficina-de-fotografia-com-celular\/","title":{"rendered":"SPM Caruaru abre vagas para oficina de fotografia com celular"},"content":{"rendered":"<p>A Secretaria de Pol\u00edticas para Mulheres, por meio do Centro de Qualifica\u00e7\u00e3o Profissional para Mulheres (CQP), est\u00e1 com inscri\u00e7\u00f5es abertas para a oficina de fotografia com celular: venda com imagens, que ter\u00e1 in\u00edcio na pr\u00f3xima quarta-feira (17), na sede do CQP.<\/p>\n<p>Com dura\u00e7\u00e3o de 8 horas\/aula, a oficina \u00e9 destinada ao p\u00fablico feminino e, no final, todas as alunas receber\u00e3o certificado de conclus\u00e3o reconhecido pelo Programa Profissionaliza +.<\/p>\n<p>As aulas ser\u00e3o realizadas no per\u00edodo da tarde nos dois dias de oficina, sempre das 13h \u00e0s 17h. Para realizar as inscri\u00e7\u00f5es, as interessadas devem acessar o link abaixo e realizar todo o procedimento necess\u00e1rio.<\/p>\n<p>https:\/\/profissionalizamais.caruaru.pe.gov.br\/course\/fotografia-com-celular-venda-com-imagens<\/p>\n<p>O Centro de Qualifica\u00e7\u00e3o Profissional est\u00e1 localizado na Rua Padre F\u00e9lix Barreto, 71, Maur\u00edcio de Nassau, em frente a FIEPE. Foto: Freepik<br \/>\nSeja seguidor do Instagram do Blog para comentar @blogdoedvaldomagalhaes<\/p>\n","protected":false},"excerpt":{"rendered":"<p>A Secretaria de Pol\u00edticas para Mulheres, por meio do Centro de Qualifica\u00e7\u00e3o Profissional para Mulheres (CQP), est\u00e1 com inscri\u00e7\u00f5es abertas&hellip;<\/p>\n","protected":false},"author":1,"featured_media":107458,"comment_status":"closed","ping_status":"open","sticky":false,"template":"","format":"standard","meta":{"footnotes":""},"categories":[14120],"tags":[28803,2,28801,3406,30242],"class_list":["post-107457","post","type-post","status-publish","format-standard","has-post-thumbnail","hentry","category-noticias","tag-blog-com-mais-visualizacoes","tag-blog-do-edvaldo-magalhaes","tag-blog-mais-acessado","tag-caruaru","tag-spm-caruaru-abre-vagas-para-oficina-de-fotografia-com-celular"],"_links":{"self":[{"href":"https:\/\/blogdoedvaldomagalhaes.com.br\/index.php\/wp-json\/wp\/v2\/posts\/107457","targetHints":{"allow":["GET"]}}],"collection":[{"href":"https:\/\/blogdoedvaldomagalhaes.com.br\/index.php\/wp-json\/wp\/v2\/posts"}],"about":[{"href":"https:\/\/blogdoedvaldomagalhaes.com.br\/index.php\/wp-json\/wp\/v2\/types\/post"}],"author":[{"embeddable":true,"href":"https:\/\/blogdoedvaldomagalhaes.com.br\/index.php\/wp-json\/wp\/v2\/users\/1"}],"replies":[{"embeddable":true,"href":"https:\/\/blogdoedvaldomagalhaes.com.br\/index.php\/wp-json\/wp\/v2\/comments?post=107457"}],"version-history":[{"count":1,"href":"https:\/\/blogdoedvaldomagalhaes.com.br\/index.php\/wp-json\/wp\/v2\/posts\/107457\/revisions"}],"predecessor-version":[{"id":107459,"href":"https:\/\/blogdoedvaldomagalhaes.com.br\/index.php\/wp-json\/wp\/v2\/posts\/107457\/revisions\/107459"}],"wp:featuredmedia":[{"embeddable":true,"href":"https:\/\/blogdoedvaldomagalhaes.com.br\/index.php\/wp-json\/wp\/v2\/media\/107458"}],"wp:attachment":[{"href":"https:\/\/blogdoedvaldomagalhaes.com.br\/index.php\/wp-json\/wp\/v2\/media?parent=107457"}],"wp:term":[{"taxonomy":"category","embeddable":true,"href":"https:\/\/blogdoedvaldomagalhaes.com.br\/index.php\/wp-json\/wp\/v2\/categories?post=107457"},{"taxonomy":"post_tag","embeddable":true,"href":"https:\/\/blogdoedvaldomagalhaes.com.br\/index.php\/wp-json\/wp\/v2\/tags?post=107457"}],"curies":[{"name":"wp","href":"https:\/\/api.w.org\/{rel}","templated":true}]}}