{"id":107443,"date":"2024-04-14T18:16:13","date_gmt":"2024-04-14T21:16:13","guid":{"rendered":"https:\/\/blogdoedvaldomagalhaes.com.br\/?p=107443"},"modified":"2024-04-14T18:16:13","modified_gmt":"2024-04-14T21:16:13","slug":"pm-prende-05-pessoas-feira-livre-com-celulares-com-queixa-de-roubos","status":"publish","type":"post","link":"https:\/\/blogdoedvaldomagalhaes.com.br\/index.php\/2024\/04\/14\/pm-prende-05-pessoas-feira-livre-com-celulares-com-queixa-de-roubos\/","title":{"rendered":"PM prende 05 pessoas feira livre com celulares com queixa de roubos"},"content":{"rendered":"<p>Na manh\u00e3 deste domingo (14), devido aos altos \u00edndices da comercializa\u00e7\u00e3o ilegal de aparelhos celulares na feira livre do bairro de Paratibe, policiais militares do 17\u00b0 BPM realizaram uma opera\u00e7\u00e3o na localidade, com a realiza\u00e7\u00e3o de abordagens e buscas pessoais a indiv\u00edduos em fundada suspeita, consultas nominais no banco nacional de mandados de pris\u00e3o, bem como consultas no sistema alerta celular.<\/p>\n<p>Com o resultado, o efetivo policial obteve \u00eaxito na localiza\u00e7\u00e3o de cinco aparelhos celulares com restri\u00e7\u00e3o no sistema Alerta Celular da SDS. Desse modo, foi efetuada a condu\u00e7\u00e3o dos cinco indiv\u00edduos, sendo tr\u00eas homens e duas mulheres, que estavam na posse dos referidos aparelhos com restri\u00e7\u00e3o para a Delegacia de Paulista para ado\u00e7\u00e3o das medidas cab\u00edveis.<br \/>\nFoto: Divulga\u00e7\u00e3o \/PMPE<br \/>\nSeja seguidor do Instagram do Blog @blogdoedvaldomagalhaes<\/p>\n","protected":false},"excerpt":{"rendered":"<p>Na manh\u00e3 deste domingo (14), devido aos altos \u00edndices da comercializa\u00e7\u00e3o ilegal de aparelhos celulares na feira livre do bairro&hellip;<\/p>\n","protected":false},"author":1,"featured_media":107444,"comment_status":"closed","ping_status":"open","sticky":false,"template":"","format":"standard","meta":{"footnotes":""},"categories":[14121],"tags":[2,28801,3406,30239],"class_list":["post-107443","post","type-post","status-publish","format-standard","has-post-thumbnail","hentry","category-policial","tag-blog-do-edvaldo-magalhaes","tag-blog-mais-acessado","tag-caruaru","tag-pm-prende-05-pessoas-feira-livre-com-celulares-com-queixa-de-roubos"],"_links":{"self":[{"href":"https:\/\/blogdoedvaldomagalhaes.com.br\/index.php\/wp-json\/wp\/v2\/posts\/107443","targetHints":{"allow":["GET"]}}],"collection":[{"href":"https:\/\/blogdoedvaldomagalhaes.com.br\/index.php\/wp-json\/wp\/v2\/posts"}],"about":[{"href":"https:\/\/blogdoedvaldomagalhaes.com.br\/index.php\/wp-json\/wp\/v2\/types\/post"}],"author":[{"embeddable":true,"href":"https:\/\/blogdoedvaldomagalhaes.com.br\/index.php\/wp-json\/wp\/v2\/users\/1"}],"replies":[{"embeddable":true,"href":"https:\/\/blogdoedvaldomagalhaes.com.br\/index.php\/wp-json\/wp\/v2\/comments?post=107443"}],"version-history":[{"count":1,"href":"https:\/\/blogdoedvaldomagalhaes.com.br\/index.php\/wp-json\/wp\/v2\/posts\/107443\/revisions"}],"predecessor-version":[{"id":107445,"href":"https:\/\/blogdoedvaldomagalhaes.com.br\/index.php\/wp-json\/wp\/v2\/posts\/107443\/revisions\/107445"}],"wp:featuredmedia":[{"embeddable":true,"href":"https:\/\/blogdoedvaldomagalhaes.com.br\/index.php\/wp-json\/wp\/v2\/media\/107444"}],"wp:attachment":[{"href":"https:\/\/blogdoedvaldomagalhaes.com.br\/index.php\/wp-json\/wp\/v2\/media?parent=107443"}],"wp:term":[{"taxonomy":"category","embeddable":true,"href":"https:\/\/blogdoedvaldomagalhaes.com.br\/index.php\/wp-json\/wp\/v2\/categories?post=107443"},{"taxonomy":"post_tag","embeddable":true,"href":"https:\/\/blogdoedvaldomagalhaes.com.br\/index.php\/wp-json\/wp\/v2\/tags?post=107443"}],"curies":[{"name":"wp","href":"https:\/\/api.w.org\/{rel}","templated":true}]}}