{"id":107437,"date":"2024-04-14T12:33:46","date_gmt":"2024-04-14T15:33:46","guid":{"rendered":"https:\/\/blogdoedvaldomagalhaes.com.br\/?p=107437"},"modified":"2024-04-14T18:48:49","modified_gmt":"2024-04-14T21:48:49","slug":"secretaria-de-educacao-e-esportes-de-caruaru-vai-realizar-o-festival-literario-do-agreste-2024","status":"publish","type":"post","link":"https:\/\/blogdoedvaldomagalhaes.com.br\/index.php\/2024\/04\/14\/secretaria-de-educacao-e-esportes-de-caruaru-vai-realizar-o-festival-literario-do-agreste-2024\/","title":{"rendered":"Secretaria de Educa\u00e7\u00e3o e Esportes de Caruaru vai realizar o Festival Liter\u00e1rio do Agreste 2024"},"content":{"rendered":"<p>A Secretaria de Educa\u00e7\u00e3o e Esportes de Caruaru, em parceria com a Associa\u00e7\u00e3o do Nordeste das Distribuidoras e Editoras de Livros (Andelivros), realizar\u00e1 o Festival Liter\u00e1rio do Agreste 2024, da pr\u00f3xima ter\u00e7a-feira (16) at\u00e9 a sexta-feira (19), no Espa\u00e7o Cultural Tancredo Neves, no centro da cidade. O FliAgreste tem como objetivo incentivar o h\u00e1bito da leitura contribuindo para o desenvolvimento educacional e cultural da popula\u00e7\u00e3o.<\/p>\n<p>Al\u00e9m de disponibilizar uma extensa gama de livros, com valores bastante acess\u00edveis e atendendo as prefer\u00eancias de todos os leitores, o festival tamb\u00e9m oferecer\u00e1 uma vasta programa\u00e7\u00e3o cultural com palestras, mesas-redondas, oficinas e shows musicais. Nesta edi\u00e7\u00e3o, os visitantes tamb\u00e9m contar\u00e3o com um espa\u00e7o a mais para intera\u00e7\u00e3o, o Seduc, que ter\u00e1 na sua programa\u00e7\u00e3o conta\u00e7\u00e3o de hist\u00f3rias, pr\u00e1ticas experimentais e lan\u00e7amentos de livros.<\/p>\n<p>\u201cPromover o FliAgreste \u00e9 valorizar a leitura e a cultura de Caruaru. Desta forma, caprichamos ainda mais na programa\u00e7\u00e3o deste ano para que as cerca das 50 mil pessoas que s\u00e3o estimadas para conferir ao festival, encontre mais uma vez um ambiente bastante agrad\u00e1vel e repleto de excelentes op\u00e7\u00f5es em termos de literatura, m\u00fasica, dentre tantas outras que ser\u00e3o oferecidas nos quatro dias de atividades\u201d, destacou o prefeito de Caruaru, Rodrigo Pinheiro.<\/p>\n<p>Neste ano, o FliAgreste ter\u00e1 como homenageada a escritora Regilda Pereira Sim\u00f5es da Silva, autora do livro \u201cDa Lavoura \u00e0s Letras\u201d. Atualmente com 95 anos, Regilda \u00e9 natural de Quipap\u00e1, no Agreste pernambucano, e passou a morar em 1974, Caruaru, aos 45, onde deu in\u00edcio \u00e0 sua carreira como escritora e cordelista. J\u00e1 na parte musical haver\u00e1 shows com Silv\u00e9rio Pessoa, Maciel Melo e Josildo S\u00e1.<\/p>\n<p>O festival tamb\u00e9m disponibilizar\u00e1 vouchers nas compras de livros para professores e estudantes da rede municipal de ensino, nos valores, respectivamente, de R$ 350 e de R$ 10 a R$ 50. \u201cAl\u00e9m de oferecer uma programa\u00e7\u00e3o diversificada e acess\u00edvel, o FliAgreste democratiza o acesso \u00e0 literatura e amplia os horizontes dos leitores fortalecendo tamb\u00e9m os la\u00e7os sociais no Agreste. A entrada \u00e9 gratuita e convidamos a todos para conferirem a programa\u00e7\u00e3o\u201d, comentou a secret\u00e1ria de Educa\u00e7\u00e3o e Esportes de Caruaru, Aline Tiburcio. Foto: Arquivo<\/p>\n<p>Confira abaixo, a programa\u00e7\u00e3o completa do FliAgreste 2024<\/p>\n<p><img loading=\"lazy\" decoding=\"async\" src=\"https:\/\/blogdoedvaldomagalhaes.com.br\/wp-content\/uploads\/2024\/04\/img-20240414-wa00592961949816500684458.jpg\" class=\"wp-image-107449 alignnone size-full\" width=\"1600\" height=\"1548\" srcset=\"https:\/\/blogdoedvaldomagalhaes.com.br\/wp-content\/uploads\/2024\/04\/img-20240414-wa00592961949816500684458.jpg 1600w, https:\/\/blogdoedvaldomagalhaes.com.br\/wp-content\/uploads\/2024\/04\/img-20240414-wa00592961949816500684458-300x290.jpg 300w, https:\/\/blogdoedvaldomagalhaes.com.br\/wp-content\/uploads\/2024\/04\/img-20240414-wa00592961949816500684458-1024x991.jpg 1024w, https:\/\/blogdoedvaldomagalhaes.com.br\/wp-content\/uploads\/2024\/04\/img-20240414-wa00592961949816500684458-768x743.jpg 768w, https:\/\/blogdoedvaldomagalhaes.com.br\/wp-content\/uploads\/2024\/04\/img-20240414-wa00592961949816500684458-1536x1486.jpg 1536w\" sizes=\"auto, (max-width: 1600px) 100vw, 1600px\" \/><\/p>\n","protected":false},"excerpt":{"rendered":"<p>A Secretaria de Educa\u00e7\u00e3o e Esportes de Caruaru, em parceria com a Associa\u00e7\u00e3o do Nordeste das Distribuidoras e Editoras de&hellip;<\/p>\n","protected":false},"author":1,"featured_media":107438,"comment_status":"closed","ping_status":"open","sticky":false,"template":"","format":"standard","meta":{"footnotes":""},"categories":[14120],"tags":[29440,2,28801,3406,30237],"class_list":["post-107437","post","type-post","status-publish","format-standard","has-post-thumbnail","hentry","category-noticias","tag-blog-com-mais-visualizacao","tag-blog-do-edvaldo-magalhaes","tag-blog-mais-acessado","tag-caruaru","tag-secretaria-de-educacao-e-esportes-de-caruaru-vai-realizar-o-festival-literario-do-agreste-2024"],"_links":{"self":[{"href":"https:\/\/blogdoedvaldomagalhaes.com.br\/index.php\/wp-json\/wp\/v2\/posts\/107437","targetHints":{"allow":["GET"]}}],"collection":[{"href":"https:\/\/blogdoedvaldomagalhaes.com.br\/index.php\/wp-json\/wp\/v2\/posts"}],"about":[{"href":"https:\/\/blogdoedvaldomagalhaes.com.br\/index.php\/wp-json\/wp\/v2\/types\/post"}],"author":[{"embeddable":true,"href":"https:\/\/blogdoedvaldomagalhaes.com.br\/index.php\/wp-json\/wp\/v2\/users\/1"}],"replies":[{"embeddable":true,"href":"https:\/\/blogdoedvaldomagalhaes.com.br\/index.php\/wp-json\/wp\/v2\/comments?post=107437"}],"version-history":[{"count":2,"href":"https:\/\/blogdoedvaldomagalhaes.com.br\/index.php\/wp-json\/wp\/v2\/posts\/107437\/revisions"}],"predecessor-version":[{"id":107450,"href":"https:\/\/blogdoedvaldomagalhaes.com.br\/index.php\/wp-json\/wp\/v2\/posts\/107437\/revisions\/107450"}],"wp:featuredmedia":[{"embeddable":true,"href":"https:\/\/blogdoedvaldomagalhaes.com.br\/index.php\/wp-json\/wp\/v2\/media\/107438"}],"wp:attachment":[{"href":"https:\/\/blogdoedvaldomagalhaes.com.br\/index.php\/wp-json\/wp\/v2\/media?parent=107437"}],"wp:term":[{"taxonomy":"category","embeddable":true,"href":"https:\/\/blogdoedvaldomagalhaes.com.br\/index.php\/wp-json\/wp\/v2\/categories?post=107437"},{"taxonomy":"post_tag","embeddable":true,"href":"https:\/\/blogdoedvaldomagalhaes.com.br\/index.php\/wp-json\/wp\/v2\/tags?post=107437"}],"curies":[{"name":"wp","href":"https:\/\/api.w.org\/{rel}","templated":true}]}}