{"id":107429,"date":"2024-04-14T10:56:39","date_gmt":"2024-04-14T13:56:39","guid":{"rendered":"https:\/\/blogdoedvaldomagalhaes.com.br\/?p=107429"},"modified":"2024-04-14T11:02:37","modified_gmt":"2024-04-14T14:02:37","slug":"val-do-abatedor-um-novo-rumo-para-saude-de-caruaru","status":"publish","type":"post","link":"https:\/\/blogdoedvaldomagalhaes.com.br\/index.php\/2024\/04\/14\/val-do-abatedor-um-novo-rumo-para-saude-de-caruaru\/","title":{"rendered":"Val do Abatedor um novo rumo para sa\u00fade de Caruaru"},"content":{"rendered":"<p>Em entrevista exclusiva ao Blog do Edvaldo Magalh\u00e3es o pr\u00e9-candidato a vereador por \u00a0Caruaru, Val do Abatedor vem trabalhando para melhores condi\u00e7\u00f5es pela sa\u00fade do munic\u00edpio. Durante 12 anos junto ao PSD, ele vem se destacando na \u00e1rea da sa\u00fade levando mais dignidade e respeito para moradores de Caruaru. <span style=\"font-size: revert;\">Nesta elei\u00e7\u00e3o de 2024, Val do Abatedor <\/span><span style=\"font-size: revert;\">est\u00e1 confiante e pretende <\/span><span style=\"font-size: revert;\">fazer muito pela cidade, sempre <\/span><span style=\"font-size: revert;\">junto a popula\u00e7\u00e3o e com o prefeito <\/span><span style=\"font-size: revert;\">Rodrigo Pinheiro, ao qual est\u00e1 com uma <\/span><span style=\"font-size: revert;\">parceira forte, tem sido muito reconhecido <\/span><span style=\"font-size: revert;\">pelo seu trabalho.<\/span><\/p>\n<p>Val do abatedor recebeu 1045 votos na ultima elei\u00e7\u00e3o, o que o deixou muito pr\u00f3ximo de realizar o seu sonho, que \u00e9 trabalhar mais pela cidade, e este ano com o reconhecimento popular e o apoio de v\u00e1rias pessoas renomadas que hoje o veem como um diferencial na sa\u00fade de Caruaru. \u201cCaruaru vai seguir a adiante com a Sa\u00fade e estamos chegando pra somar ainda mais com trabalhos j\u00e1 existentes, vamos humanizar os atendimentos, agilizar as marca\u00e7\u00f5es de consultas e as cirurgias na cidade, viraremos refer\u00eancia no estado, e inclusive vamos dedicar as aten\u00e7\u00f5es tamb\u00e9m pros nossos pets, buscando criar programas de ado\u00e7\u00e3o e cuidado com a sa\u00fade deles tamb\u00e9m\u201d, afirmou Val do Abatedor.<\/p>\n<p>Val do abatedor relatou a luta nesses doze anos, \u201cmuitas vezes a vontade de desistir bate \u00e0 porta, mas o sonho de poder ajudar a todos com mais sa\u00fade e melhores condi\u00e7\u00f5es, nos faz persistir na luta\u201d, e completou \u201choje o povo estar reconhecendo o nosso trabalho e isso j\u00e1 \u00e9 muito gratificante\u201d, concluiu Val do Abatedor. <span style=\"font-size: revert;\">Foto: Divulga\u00e7\u00e3o. Seja <\/span><span style=\"font-size: revert;\">seguidor do Instagram do Blog, para comentar @blogdoedvaldomagalhaes<\/span><\/p>\n","protected":false},"excerpt":{"rendered":"<p>Em entrevista exclusiva ao Blog do Edvaldo Magalh\u00e3es o pr\u00e9-candidato a vereador por \u00a0Caruaru, Val do Abatedor vem trabalhando para&hellip;<\/p>\n","protected":false},"author":1,"featured_media":107430,"comment_status":"closed","ping_status":"open","sticky":false,"template":"","format":"standard","meta":{"footnotes":""},"categories":[14122],"tags":[29440,2,28801,3406,20295],"class_list":["post-107429","post","type-post","status-publish","format-standard","has-post-thumbnail","hentry","category-politica","tag-blog-com-mais-visualizacao","tag-blog-do-edvaldo-magalhaes","tag-blog-mais-acessado","tag-caruaru","tag-politica-2"],"_links":{"self":[{"href":"https:\/\/blogdoedvaldomagalhaes.com.br\/index.php\/wp-json\/wp\/v2\/posts\/107429","targetHints":{"allow":["GET"]}}],"collection":[{"href":"https:\/\/blogdoedvaldomagalhaes.com.br\/index.php\/wp-json\/wp\/v2\/posts"}],"about":[{"href":"https:\/\/blogdoedvaldomagalhaes.com.br\/index.php\/wp-json\/wp\/v2\/types\/post"}],"author":[{"embeddable":true,"href":"https:\/\/blogdoedvaldomagalhaes.com.br\/index.php\/wp-json\/wp\/v2\/users\/1"}],"replies":[{"embeddable":true,"href":"https:\/\/blogdoedvaldomagalhaes.com.br\/index.php\/wp-json\/wp\/v2\/comments?post=107429"}],"version-history":[{"count":3,"href":"https:\/\/blogdoedvaldomagalhaes.com.br\/index.php\/wp-json\/wp\/v2\/posts\/107429\/revisions"}],"predecessor-version":[{"id":107433,"href":"https:\/\/blogdoedvaldomagalhaes.com.br\/index.php\/wp-json\/wp\/v2\/posts\/107429\/revisions\/107433"}],"wp:featuredmedia":[{"embeddable":true,"href":"https:\/\/blogdoedvaldomagalhaes.com.br\/index.php\/wp-json\/wp\/v2\/media\/107430"}],"wp:attachment":[{"href":"https:\/\/blogdoedvaldomagalhaes.com.br\/index.php\/wp-json\/wp\/v2\/media?parent=107429"}],"wp:term":[{"taxonomy":"category","embeddable":true,"href":"https:\/\/blogdoedvaldomagalhaes.com.br\/index.php\/wp-json\/wp\/v2\/categories?post=107429"},{"taxonomy":"post_tag","embeddable":true,"href":"https:\/\/blogdoedvaldomagalhaes.com.br\/index.php\/wp-json\/wp\/v2\/tags?post=107429"}],"curies":[{"name":"wp","href":"https:\/\/api.w.org\/{rel}","templated":true}]}}