{"id":107426,"date":"2024-04-13T19:21:15","date_gmt":"2024-04-13T22:21:15","guid":{"rendered":"https:\/\/blogdoedvaldomagalhaes.com.br\/?p=107426"},"modified":"2024-04-13T19:21:17","modified_gmt":"2024-04-13T22:21:17","slug":"dia-d-da-campanha-de-vacinacao-contra-influenza-e-realizado-em-caruaru","status":"publish","type":"post","link":"https:\/\/blogdoedvaldomagalhaes.com.br\/index.php\/2024\/04\/13\/dia-d-da-campanha-de-vacinacao-contra-influenza-e-realizado-em-caruaru\/","title":{"rendered":"&#8220;Dia D\u201d da Campanha de Vacina\u00e7\u00e3o contra Influenza \u00e9 realizado em Caruaru"},"content":{"rendered":"<p>A Prefeitura de Caruaru, por meio do Programa Municipal de Imuniza\u00e7\u00e3o da Secretaria de Sa\u00fade (SMS), realizou, neste s\u00e1bado (13), o &#8220;Dia D\u201d de mobiliza\u00e7\u00e3o da Campanha Nacional contra a Influenza para grupos priorit\u00e1rios. Foram 29 Unidades B\u00e1sicas de Sa\u00fade (UBS\u2019s) na zona urbana e quatro na zona rural, abertas durante todo o dia, para a vacina\u00e7\u00e3o. Cinco pontos extras tamb\u00e9m foram disponibilizados: Marco Zero, Via Parque, Caruaru Shopping, Supermercado Bonanza (do Universit\u00e1rio) e Unicompra. No total, 2.492 pessoas se vacinaram.<\/p>\n<p>A a\u00e7\u00e3o foi direcionada para o p\u00fablico-alvo da campanha, formado por: crian\u00e7as de 6 meses a 5 anos, 11meses e 29 dias; gestantes, pu\u00e9rperas; idosos a partir de 60 anos; trabalhadores de sa\u00fade; professores; pessoas com comorbidades; profissionais das for\u00e7as armadas, de seguran\u00e7a e salvamento; pessoas com defici\u00eancia permanente; caminhoneiros; trabalhadores de transporte coletivo; popula\u00e7\u00e3o privada de liberdade; funcion\u00e1rios do sistema de priva\u00e7\u00e3o de liberdade e jovens de 12 a 21 anos, em medidas socioeducativas.<\/p>\n<p>\u201cTivemos uma boa aceita\u00e7\u00e3o da popula\u00e7\u00e3o. Estamos caminhando para bater as metas propostas pelo Minist\u00e9rio da Sa\u00fade de cobertura vacinal, para os grupos priorit\u00e1rios, no nosso munic\u00edpio. Conclamamos a popula\u00e7\u00e3o que faz parte do p\u00fablico-alvo da campanha, que procure as nossas Unidades B\u00e1sicas de Sa\u00fade, todas est\u00e3o com a vacina, j\u00e1 que a campanha se estender\u00e1 at\u00e9 o final do pr\u00f3ximo m\u00eas, para manter o cart\u00e3o de vacina\u00e7\u00e3o em dia\u201d, destacou o secret\u00e1rio de Sa\u00fade, George Veloso.<\/p>\n<p>A meta da campanha \u00e9 imunizar os grupos priorit\u00e1rios, controlar e prevenir a doen\u00e7a na sua forma mais grave, e vai at\u00e9 o dia 31 de maio. Para receber o imunizante, basta se enquadrar em um dos grupos e se dirigir \u00e0 qualquer UBS do munic\u00edpio, portando o Cart\u00e3o de Vacina e o Cart\u00e3o do SUS ou o CPF.<br \/>\nFoto: Felipe Correia\/Secom\/PMC<\/p>\n<p>Seja seguidor do Instagram do Blog @blogdoedvaldomagalhaes<\/p>\n","protected":false},"excerpt":{"rendered":"<p>A Prefeitura de Caruaru, por meio do Programa Municipal de Imuniza\u00e7\u00e3o da Secretaria de Sa\u00fade (SMS), realizou, neste s\u00e1bado (13),&hellip;<\/p>\n","protected":false},"author":1,"featured_media":107427,"comment_status":"closed","ping_status":"open","sticky":false,"template":"","format":"standard","meta":{"footnotes":""},"categories":[14120],"tags":[30234,28801,3406],"class_list":["post-107426","post","type-post","status-publish","format-standard","has-post-thumbnail","hentry","category-noticias","tag-dia-d-da-campanha-de-vacinacao-contra-influenza-e-realizado-em-caruaru","tag-blog-mais-acessado","tag-caruaru"],"_links":{"self":[{"href":"https:\/\/blogdoedvaldomagalhaes.com.br\/index.php\/wp-json\/wp\/v2\/posts\/107426","targetHints":{"allow":["GET"]}}],"collection":[{"href":"https:\/\/blogdoedvaldomagalhaes.com.br\/index.php\/wp-json\/wp\/v2\/posts"}],"about":[{"href":"https:\/\/blogdoedvaldomagalhaes.com.br\/index.php\/wp-json\/wp\/v2\/types\/post"}],"author":[{"embeddable":true,"href":"https:\/\/blogdoedvaldomagalhaes.com.br\/index.php\/wp-json\/wp\/v2\/users\/1"}],"replies":[{"embeddable":true,"href":"https:\/\/blogdoedvaldomagalhaes.com.br\/index.php\/wp-json\/wp\/v2\/comments?post=107426"}],"version-history":[{"count":1,"href":"https:\/\/blogdoedvaldomagalhaes.com.br\/index.php\/wp-json\/wp\/v2\/posts\/107426\/revisions"}],"predecessor-version":[{"id":107428,"href":"https:\/\/blogdoedvaldomagalhaes.com.br\/index.php\/wp-json\/wp\/v2\/posts\/107426\/revisions\/107428"}],"wp:featuredmedia":[{"embeddable":true,"href":"https:\/\/blogdoedvaldomagalhaes.com.br\/index.php\/wp-json\/wp\/v2\/media\/107427"}],"wp:attachment":[{"href":"https:\/\/blogdoedvaldomagalhaes.com.br\/index.php\/wp-json\/wp\/v2\/media?parent=107426"}],"wp:term":[{"taxonomy":"category","embeddable":true,"href":"https:\/\/blogdoedvaldomagalhaes.com.br\/index.php\/wp-json\/wp\/v2\/categories?post=107426"},{"taxonomy":"post_tag","embeddable":true,"href":"https:\/\/blogdoedvaldomagalhaes.com.br\/index.php\/wp-json\/wp\/v2\/tags?post=107426"}],"curies":[{"name":"wp","href":"https:\/\/api.w.org\/{rel}","templated":true}]}}