{"id":107423,"date":"2024-04-13T13:01:26","date_gmt":"2024-04-13T16:01:26","guid":{"rendered":"https:\/\/blogdoedvaldomagalhaes.com.br\/?p=107423"},"modified":"2024-04-13T13:01:27","modified_gmt":"2024-04-13T16:01:27","slug":"farmamovel-completa-dois-anos-com-mais-de-15-milhao-de-remedios-distribuidos-em-caruaru","status":"publish","type":"post","link":"https:\/\/blogdoedvaldomagalhaes.com.br\/index.php\/2024\/04\/13\/farmamovel-completa-dois-anos-com-mais-de-15-milhao-de-remedios-distribuidos-em-caruaru\/","title":{"rendered":"Farmam\u00f3vel completa dois anos com mais de 1,5 milh\u00e3o de rem\u00e9dios distribu\u00eddos em Caruaru"},"content":{"rendered":"<p>O Farmam\u00f3vel completa, neste domingo (14), dois anos de exist\u00eancia, em Caruaru. O equipamento criado pela Prefeitura de Caruaru, por meio da Secretaria de Sa\u00fade (SMS), \u00e9 utilizado na dispensa\u00e7\u00e3o de medicamentos relacionados ao controle especial. Desde a cria\u00e7\u00e3o, o Farmam\u00f3vel atendeu 17.574 usu\u00e1rios, com mais de 1,5 milh\u00e3o de unidades de medicamentos distribu\u00eddos, em 22.244 dispensa\u00e7\u00f5es.<\/p>\n<p>O Farmam\u00f3vel \u00e9 parte integrante do programa municipal \u201cSa\u00fade Mais Perto de Voc\u00ea\u201d, sendo um ve\u00edculo adaptado para o armazenamento de produtos da sa\u00fade e dispensa\u00e7\u00e3o de medicamentos relacionados ao controle pessoal, como insulinas e insumos utilizados no tratamento e monitoramento de diabetes. \u00c9 um servi\u00e7o que facilita a entrega do rem\u00e9dio, principalmente para as comunidades de \u00e1reas de dif\u00edcil acesso, onde o transporte \u00e9 mais escasso.<\/p>\n<p>\u201cFoi criado com o intuito de descentralizar as a\u00e7\u00f5es de assist\u00eancia farmac\u00eautica, percorrendo toda a zona rural, nos quatro distritos, com o objetivo de facilitar o acesso da popula\u00e7\u00e3o aos medicamentos, seguindo um cronograma pr\u00e9-estabelecido, que inclusive, inclui a rota da Caravana da Sa\u00fade e Cidadania\u201d, enfatizou o secret\u00e1rio de Sa\u00fade de Caruaru, George Veloso.<br \/>\nFoto: Felipe Correia\/Secom\/PMC<\/p>\n<p>Seja seguidor do Instagram do Blog @blogdoedvaldomagalhaes<\/p>\n","protected":false},"excerpt":{"rendered":"<p>O Farmam\u00f3vel completa, neste domingo (14), dois anos de exist\u00eancia, em Caruaru. O equipamento criado pela Prefeitura de Caruaru, por&hellip;<\/p>\n","protected":false},"author":1,"featured_media":107424,"comment_status":"closed","ping_status":"open","sticky":false,"template":"","format":"standard","meta":{"footnotes":""},"categories":[14120],"tags":[29440,2,3406,30233],"class_list":["post-107423","post","type-post","status-publish","format-standard","has-post-thumbnail","hentry","category-noticias","tag-blog-com-mais-visualizacao","tag-blog-do-edvaldo-magalhaes","tag-caruaru","tag-farmamovel-completa-dois-anos"],"_links":{"self":[{"href":"https:\/\/blogdoedvaldomagalhaes.com.br\/index.php\/wp-json\/wp\/v2\/posts\/107423","targetHints":{"allow":["GET"]}}],"collection":[{"href":"https:\/\/blogdoedvaldomagalhaes.com.br\/index.php\/wp-json\/wp\/v2\/posts"}],"about":[{"href":"https:\/\/blogdoedvaldomagalhaes.com.br\/index.php\/wp-json\/wp\/v2\/types\/post"}],"author":[{"embeddable":true,"href":"https:\/\/blogdoedvaldomagalhaes.com.br\/index.php\/wp-json\/wp\/v2\/users\/1"}],"replies":[{"embeddable":true,"href":"https:\/\/blogdoedvaldomagalhaes.com.br\/index.php\/wp-json\/wp\/v2\/comments?post=107423"}],"version-history":[{"count":1,"href":"https:\/\/blogdoedvaldomagalhaes.com.br\/index.php\/wp-json\/wp\/v2\/posts\/107423\/revisions"}],"predecessor-version":[{"id":107425,"href":"https:\/\/blogdoedvaldomagalhaes.com.br\/index.php\/wp-json\/wp\/v2\/posts\/107423\/revisions\/107425"}],"wp:featuredmedia":[{"embeddable":true,"href":"https:\/\/blogdoedvaldomagalhaes.com.br\/index.php\/wp-json\/wp\/v2\/media\/107424"}],"wp:attachment":[{"href":"https:\/\/blogdoedvaldomagalhaes.com.br\/index.php\/wp-json\/wp\/v2\/media?parent=107423"}],"wp:term":[{"taxonomy":"category","embeddable":true,"href":"https:\/\/blogdoedvaldomagalhaes.com.br\/index.php\/wp-json\/wp\/v2\/categories?post=107423"},{"taxonomy":"post_tag","embeddable":true,"href":"https:\/\/blogdoedvaldomagalhaes.com.br\/index.php\/wp-json\/wp\/v2\/tags?post=107423"}],"curies":[{"name":"wp","href":"https:\/\/api.w.org\/{rel}","templated":true}]}}