{"id":107417,"date":"2024-04-13T10:48:32","date_gmt":"2024-04-13T13:48:32","guid":{"rendered":"https:\/\/blogdoedvaldomagalhaes.com.br\/?p=107417"},"modified":"2024-04-13T10:48:33","modified_gmt":"2024-04-13T13:48:33","slug":"com-junior-letal-prefeito-rodrigo-pinheiro-visita-obras-e-unidade-de-saude-no-encanto-da-serra","status":"publish","type":"post","link":"https:\/\/blogdoedvaldomagalhaes.com.br\/index.php\/2024\/04\/13\/com-junior-letal-prefeito-rodrigo-pinheiro-visita-obras-e-unidade-de-saude-no-encanto-da-serra\/","title":{"rendered":"Com J\u00fanior Letal, prefeito Rodrigo Pinheiro visita obras e unidade de sa\u00fade no Encanto da Serra"},"content":{"rendered":"<p>Com J\u00fanior Letal, prefeito Rodrigo Pinheiro visita obras e unidade de sa\u00fade no Encanto da Serra <\/p>\n<p>Acompanhado pelo presidente da AMBAM, J\u00fanior Letal, o prefeito Rodrigo Pinheiro visitou na tarde desta sexta-feira, as obras de drenagem para a pavimenta\u00e7\u00e3o de v\u00e1rias ruas no Encanto da Serra. E a convite de J\u00fanior Letal, Rodrigo Pinheiro tamb\u00e9m fez uma visita a Unidade B\u00e1sica de Sa\u00fade da comunidade. Tanto nas ruas como na UBS, Rodrigo Pinheiro e J\u00fanior Letal conversaram com os moradores onde ouviram sugest\u00f5es visando avan\u00e7ar ainda mais em outras \u00e1reas. <\/p>\n<p>J\u00fanior Letal agradeceu ao prefeito Rodrigo Pinheiro pela visita a comunidade.<br \/>\n&#8220;O prefeito Rodrigo Pinheiro \u00e9 diferenciado. Ele n\u00e3o fica no gabinete, ele re\u00fane a equipe, visita as comunidades e o trabalho acontece. Foi muito receber mais uma vez o nosso prefeito no Encanto da Serra, onde as obras de pavimenta\u00e7\u00e3o est\u00e3o a todo vapor. Somos gratos ao prefeito Rodrigo Pinheiro pelo olhar especial que ele vem tendo com todas as comunidades do Cidade Alta&#8221;, disse J\u00fanior Letal. <\/p>\n<p>Seja seguidor do Instagram do Blog para comentar @blogdoedvaldomagalhaes<br \/>\nFoto: Divulga\u00e7\u00e3o <\/p>\n","protected":false},"excerpt":{"rendered":"<p>Com J\u00fanior Letal, prefeito Rodrigo Pinheiro visita obras e unidade de sa\u00fade no Encanto da Serra Acompanhado pelo presidente da&hellip;<\/p>\n","protected":false},"author":1,"featured_media":107418,"comment_status":"closed","ping_status":"open","sticky":false,"template":"","format":"standard","meta":{"footnotes":""},"categories":[14122],"tags":[28803,2,28801,3406,30231,20],"class_list":["post-107417","post","type-post","status-publish","format-standard","has-post-thumbnail","hentry","category-politica","tag-blog-com-mais-visualizacoes","tag-blog-do-edvaldo-magalhaes","tag-blog-mais-acessado","tag-caruaru","tag-com-junior-letal-prefeito-rodrigo-pinheiro-visita-obras-e-unidade-de-saude-no-encanto-da-serra","tag-politica"],"_links":{"self":[{"href":"https:\/\/blogdoedvaldomagalhaes.com.br\/index.php\/wp-json\/wp\/v2\/posts\/107417","targetHints":{"allow":["GET"]}}],"collection":[{"href":"https:\/\/blogdoedvaldomagalhaes.com.br\/index.php\/wp-json\/wp\/v2\/posts"}],"about":[{"href":"https:\/\/blogdoedvaldomagalhaes.com.br\/index.php\/wp-json\/wp\/v2\/types\/post"}],"author":[{"embeddable":true,"href":"https:\/\/blogdoedvaldomagalhaes.com.br\/index.php\/wp-json\/wp\/v2\/users\/1"}],"replies":[{"embeddable":true,"href":"https:\/\/blogdoedvaldomagalhaes.com.br\/index.php\/wp-json\/wp\/v2\/comments?post=107417"}],"version-history":[{"count":1,"href":"https:\/\/blogdoedvaldomagalhaes.com.br\/index.php\/wp-json\/wp\/v2\/posts\/107417\/revisions"}],"predecessor-version":[{"id":107419,"href":"https:\/\/blogdoedvaldomagalhaes.com.br\/index.php\/wp-json\/wp\/v2\/posts\/107417\/revisions\/107419"}],"wp:featuredmedia":[{"embeddable":true,"href":"https:\/\/blogdoedvaldomagalhaes.com.br\/index.php\/wp-json\/wp\/v2\/media\/107418"}],"wp:attachment":[{"href":"https:\/\/blogdoedvaldomagalhaes.com.br\/index.php\/wp-json\/wp\/v2\/media?parent=107417"}],"wp:term":[{"taxonomy":"category","embeddable":true,"href":"https:\/\/blogdoedvaldomagalhaes.com.br\/index.php\/wp-json\/wp\/v2\/categories?post=107417"},{"taxonomy":"post_tag","embeddable":true,"href":"https:\/\/blogdoedvaldomagalhaes.com.br\/index.php\/wp-json\/wp\/v2\/tags?post=107417"}],"curies":[{"name":"wp","href":"https:\/\/api.w.org\/{rel}","templated":true}]}}