{"id":107413,"date":"2024-04-13T10:22:35","date_gmt":"2024-04-13T13:22:35","guid":{"rendered":"https:\/\/blogdoedvaldomagalhaes.com.br\/?p=107413"},"modified":"2024-04-13T10:22:36","modified_gmt":"2024-04-13T13:22:36","slug":"ladroes-sao-presos-dentro-de-onibus-apos-roubo-de-celular-de-passageiro","status":"publish","type":"post","link":"https:\/\/blogdoedvaldomagalhaes.com.br\/index.php\/2024\/04\/13\/ladroes-sao-presos-dentro-de-onibus-apos-roubo-de-celular-de-passageiro\/","title":{"rendered":"Ladr\u00f5es s\u00e3o presos dentro de \u00f4nibus ap\u00f3s roubo de celular de passageiro"},"content":{"rendered":"<p>Durante rondas na tarde de ontem (12), um cidad\u00e3o abordou ema equipe da Ciatur na Avenida Cruz Cabug\u00e1, em Santo Amaro, informando ter sido v\u00edtima de roubo dentro de um \u00f4nibus. Tr\u00eas indiv\u00edduos, armados com facas, teriam roubado seu aparelho celular. Os suspeitos ainda estariam dentro do ve\u00edculo quando a equipe policial foi informada. <\/p>\n<p>Ap\u00f3s interceptar o \u00f4nibus, dois suspeitos foram detidos na parte traseira do coletivo, onde jogaram no ch\u00e3o as facas e um dos celulares ( o da v\u00edtima), que reconheceu os dois como participantes do crime, juntamente com o terceiro que n\u00e3o foi localizado. Os envolvidos foram encaminhados para a CEPLANC,para ado\u00e7\u00e3o das medidas legais. Foto: Divulga\u00e7\u00e3o\/PMPE<\/p>\n<p>Seja seguidor do Instagram do Blog @blogdoedvaldomagalhaes<\/p>\n","protected":false},"excerpt":{"rendered":"<p>Durante rondas na tarde de ontem (12), um cidad\u00e3o abordou ema equipe da Ciatur na Avenida Cruz Cabug\u00e1, em Santo&hellip;<\/p>\n","protected":false},"author":1,"featured_media":107414,"comment_status":"closed","ping_status":"open","sticky":false,"template":"","format":"standard","meta":{"footnotes":""},"categories":[14121],"tags":[2,28801,19430,3406,30230],"class_list":["post-107413","post","type-post","status-publish","format-standard","has-post-thumbnail","hentry","category-policial","tag-blog-do-edvaldo-magalhaes","tag-blog-mais-acessado","tag-blog-mais-acessado-de-caruaru","tag-caruaru","tag-ladroes-sao-presos-dentro-de-onibus-apos-roubo-de-celular-de-passageiro"],"_links":{"self":[{"href":"https:\/\/blogdoedvaldomagalhaes.com.br\/index.php\/wp-json\/wp\/v2\/posts\/107413","targetHints":{"allow":["GET"]}}],"collection":[{"href":"https:\/\/blogdoedvaldomagalhaes.com.br\/index.php\/wp-json\/wp\/v2\/posts"}],"about":[{"href":"https:\/\/blogdoedvaldomagalhaes.com.br\/index.php\/wp-json\/wp\/v2\/types\/post"}],"author":[{"embeddable":true,"href":"https:\/\/blogdoedvaldomagalhaes.com.br\/index.php\/wp-json\/wp\/v2\/users\/1"}],"replies":[{"embeddable":true,"href":"https:\/\/blogdoedvaldomagalhaes.com.br\/index.php\/wp-json\/wp\/v2\/comments?post=107413"}],"version-history":[{"count":1,"href":"https:\/\/blogdoedvaldomagalhaes.com.br\/index.php\/wp-json\/wp\/v2\/posts\/107413\/revisions"}],"predecessor-version":[{"id":107415,"href":"https:\/\/blogdoedvaldomagalhaes.com.br\/index.php\/wp-json\/wp\/v2\/posts\/107413\/revisions\/107415"}],"wp:featuredmedia":[{"embeddable":true,"href":"https:\/\/blogdoedvaldomagalhaes.com.br\/index.php\/wp-json\/wp\/v2\/media\/107414"}],"wp:attachment":[{"href":"https:\/\/blogdoedvaldomagalhaes.com.br\/index.php\/wp-json\/wp\/v2\/media?parent=107413"}],"wp:term":[{"taxonomy":"category","embeddable":true,"href":"https:\/\/blogdoedvaldomagalhaes.com.br\/index.php\/wp-json\/wp\/v2\/categories?post=107413"},{"taxonomy":"post_tag","embeddable":true,"href":"https:\/\/blogdoedvaldomagalhaes.com.br\/index.php\/wp-json\/wp\/v2\/tags?post=107413"}],"curies":[{"name":"wp","href":"https:\/\/api.w.org\/{rel}","templated":true}]}}