{"id":1074,"date":"2018-10-06T23:05:00","date_gmt":"2018-10-07T02:05:00","guid":{"rendered":"http:\/\/blogdoedvaldomagalhaes.com.br\/index.php\/2018\/10\/06\/tony-gel-encerra-campanha-marcada-pela\/"},"modified":"2019-02-09T02:34:12","modified_gmt":"2019-02-09T04:34:12","slug":"tony-gel-encerra-campanha-marcada-pela","status":"publish","type":"post","link":"https:\/\/blogdoedvaldomagalhaes.com.br\/index.php\/2018\/10\/06\/tony-gel-encerra-campanha-marcada-pela\/","title":{"rendered":"Tony Gel encerra campanha marcada pela confian\u00e7a e gratid\u00e3o do povo"},"content":{"rendered":"<div class=\"separator\" style=\"clear: both; text-align: center;\">\n<a href=\"https:\/\/1.bp.blogspot.com\/-I1g1uue-4i4\/W7k_FWQ-EFI\/AAAAAAAA7W0\/GX6bK5o9Z-McIlNQ9ngy-j0hCQt-c_2aACLcBGAs\/s1600\/tony%2B1.jpg\" imageanchor=\"1\" style=\"margin-left: 1em; margin-right: 1em;\"><img loading=\"lazy\" decoding=\"async\" border=\"0\" data-original-height=\"853\" data-original-width=\"1280\" height=\"426\" src=\"http:\/\/blogdoedvaldomagalhaes.com.br\/wp-content\/uploads\/2018\/10\/tony1-3.jpg\" width=\"640\" \/><\/a><\/div>\n<div style=\"text-align: justify;\">\n<\/div>\n<div style=\"text-align: justify;\">\nUma campanha marcada por alegria e sentimento de gratid\u00e3o foi realizada em Caruaru e cidades do Agreste pelo deputado estadual, Tony Gel (MDB), que concorre \u00e0 reelei\u00e7\u00e3o pela terceira vez consecutiva.<\/div>\n<div style=\"text-align: justify;\">\n<\/div>\n<div class=\"separator\" style=\"clear: both; text-align: center;\">\n<a href=\"https:\/\/1.bp.blogspot.com\/-oIZa8GBNOME\/W7k_OK-7zfI\/AAAAAAAA7W4\/45jYWhdmJLQuNjZ3I3jZV3_1uTIXNbZQgCLcBGAs\/s1600\/tony%2B2.jpg\" imageanchor=\"1\" style=\"margin-left: 1em; margin-right: 1em;\"><img loading=\"lazy\" decoding=\"async\" border=\"0\" data-original-height=\"853\" data-original-width=\"1280\" height=\"426\" src=\"http:\/\/blogdoedvaldomagalhaes.com.br\/wp-content\/uploads\/2018\/10\/tony2-3.jpg\" width=\"640\" \/><\/a><\/div>\n<div style=\"text-align: justify;\">\n<\/div>\n<div style=\"text-align: justify;\">\nNas zonas urbana e rural, Tony Gel recebeu, mais uma vez, o carinho da popula\u00e7\u00e3o que confia no trabalho de 30 anos de vida p\u00fablica a servi\u00e7o do Agreste Pernambucano. \u201cMelhor prefeito de Caruaru\u201d e \u201c\u00danico pol\u00edtico que faz pelos pobres\u201d foram algumas das frases mais ouvidas durante a campanha do parlamentar que j\u00e1 atuou como deputado federal por tr\u00eas vezes consecutivas, j\u00e1 foi prefeito de Caruaru por duas vezes e tamb\u00e9m vereador. Com essa trajet\u00f3ria, atrav\u00e9s de muito trabalho, conquistou a confian\u00e7a do povo.<\/div>\n<div style=\"text-align: justify;\">\n<\/div>\n<div class=\"separator\" style=\"clear: both; text-align: center;\">\n<a href=\"https:\/\/4.bp.blogspot.com\/-X1348vPAyk0\/W7k_WOoPexI\/AAAAAAAA7XA\/L5g6QJbPLQUmz3tnpgDto5-py225fdyGACLcBGAs\/s1600\/tony%2B3.jpg\" imageanchor=\"1\" style=\"margin-left: 1em; margin-right: 1em;\"><img loading=\"lazy\" decoding=\"async\" border=\"0\" data-original-height=\"853\" data-original-width=\"1280\" height=\"426\" src=\"http:\/\/blogdoedvaldomagalhaes.com.br\/wp-content\/uploads\/2018\/10\/tony3-1.jpg\" width=\"640\" \/><\/a><\/div>\n<div style=\"text-align: justify;\">\n<\/div>\n<div style=\"text-align: justify;\">\nDurante a campanha, Tony Gel esteve presente em mais de 20 bairros de Caruaru, mais de 20 localidades da zona rural, em feiras livres, empresas, institui\u00e7\u00f5es de ensino e estabelecimentos comerciais, em conversa olho no olho, ouvindo as reivindica\u00e7\u00f5es do povo e o agradecimento por tudo que j\u00e1 fez em prol da popula\u00e7\u00e3o, principalmente aos mais carentes.<\/div>\n<div style=\"text-align: justify;\">\n<\/div>\n<div class=\"separator\" style=\"clear: both; text-align: center;\">\n<a href=\"https:\/\/4.bp.blogspot.com\/-hxfWRLKSdqU\/W7k_cUSIdbI\/AAAAAAAA7XE\/HBSrDWKGSDc4kDzTe9C98sje2ZaOwBsqwCLcBGAs\/s1600\/tony%2B4.jpg\" imageanchor=\"1\" style=\"margin-left: 1em; margin-right: 1em;\"><img loading=\"lazy\" decoding=\"async\" border=\"0\" data-original-height=\"853\" data-original-width=\"1280\" height=\"426\" src=\"http:\/\/blogdoedvaldomagalhaes.com.br\/wp-content\/uploads\/2018\/10\/tony4.jpg\" width=\"640\" \/><\/a><\/div>\n<div style=\"text-align: justify;\">\n<\/div>\n<div style=\"text-align: justify;\">\n\u201cMeu objetivo sempre foi levar mais qualidade de vida para as pessoas, principalmente as mais necessitadas, e, por isso sempre lutei pelo abastecimento de \u00e1gua, pela seguran\u00e7a, sa\u00fade e infraestrutura da regi\u00e3o\u201d, destacou o deputado.<\/div>\n<div style=\"text-align: justify;\">\n<\/div>\n<div style=\"text-align: justify;\">\nNessa campanha, Tony Gel tamb\u00e9m intensificou a agenda nas cidades de Toritama, Frei Miguelinho, Riacho das Almas e Vertente do L\u00e9rio, onde recebeu o apoio dos respectivos prefeitos: Edilson Tavares (MDB); Adriana Assun\u00e7\u00e3o (PSB); Mota (PSB) e Renato Sales (MDB).<\/div>\n<div style=\"text-align: justify;\">\n<\/div>\n<div class=\"separator\" style=\"clear: both; text-align: center;\">\n<a href=\"https:\/\/3.bp.blogspot.com\/-O2U2ihpsJaE\/W7k_p85qMNI\/AAAAAAAA7XM\/jdluNaQauIckWtQR3gXjzR3jNdIGfNMtACLcBGAs\/s1600\/tony%2B5.jpg\" imageanchor=\"1\" style=\"margin-left: 1em; margin-right: 1em;\"><img loading=\"lazy\" decoding=\"async\" border=\"0\" data-original-height=\"853\" data-original-width=\"1280\" height=\"426\" src=\"http:\/\/blogdoedvaldomagalhaes.com.br\/wp-content\/uploads\/2018\/10\/tony5.jpg\" width=\"640\" \/><\/a><\/div>\n<div style=\"text-align: justify;\">\n<\/div>\n<div style=\"text-align: justify;\">\n\u201cEm um momento t\u00e3o dif\u00edcil que a pol\u00edtica passa atualmente, me d\u00e1 orgulho acompanhar o deputado estadual Tony Gel, pois por onde ele passa \u00e9 muito bem recebido, e isso n\u00e3o \u00e9 s\u00f3 por conta do seu carisma, \u00e9 porque ele tem servi\u00e7o prestado \u00e0 popula\u00e7\u00e3o\u201d, ressaltou o vereador caruaruense Galego de Lajes.<\/div>\n<div style=\"text-align: justify;\">\n<\/div>\n<div style=\"text-align: justify;\">\n<\/div>\n","protected":false},"excerpt":{"rendered":"<p>Uma campanha marcada por alegria e sentimento de gratid\u00e3o foi realizada em Caruaru e cidades do Agreste pelo deputado estadual,&hellip;<\/p>\n","protected":false},"author":1,"featured_media":0,"comment_status":"open","ping_status":"open","sticky":false,"template":"","format":"standard","meta":{"footnotes":""},"categories":[1],"tags":[2,20,1020],"class_list":["post-1074","post","type-post","status-publish","format-standard","hentry","category-sem-categoria","tag-blog-do-edvaldo-magalhaes","tag-politica","tag-tony-gel-encerra-campanha-marcada-pela-confianca-e-gratidao-do-povo"],"_links":{"self":[{"href":"https:\/\/blogdoedvaldomagalhaes.com.br\/index.php\/wp-json\/wp\/v2\/posts\/1074","targetHints":{"allow":["GET"]}}],"collection":[{"href":"https:\/\/blogdoedvaldomagalhaes.com.br\/index.php\/wp-json\/wp\/v2\/posts"}],"about":[{"href":"https:\/\/blogdoedvaldomagalhaes.com.br\/index.php\/wp-json\/wp\/v2\/types\/post"}],"author":[{"embeddable":true,"href":"https:\/\/blogdoedvaldomagalhaes.com.br\/index.php\/wp-json\/wp\/v2\/users\/1"}],"replies":[{"embeddable":true,"href":"https:\/\/blogdoedvaldomagalhaes.com.br\/index.php\/wp-json\/wp\/v2\/comments?post=1074"}],"version-history":[{"count":1,"href":"https:\/\/blogdoedvaldomagalhaes.com.br\/index.php\/wp-json\/wp\/v2\/posts\/1074\/revisions"}],"predecessor-version":[{"id":34734,"href":"https:\/\/blogdoedvaldomagalhaes.com.br\/index.php\/wp-json\/wp\/v2\/posts\/1074\/revisions\/34734"}],"wp:attachment":[{"href":"https:\/\/blogdoedvaldomagalhaes.com.br\/index.php\/wp-json\/wp\/v2\/media?parent=1074"}],"wp:term":[{"taxonomy":"category","embeddable":true,"href":"https:\/\/blogdoedvaldomagalhaes.com.br\/index.php\/wp-json\/wp\/v2\/categories?post=1074"},{"taxonomy":"post_tag","embeddable":true,"href":"https:\/\/blogdoedvaldomagalhaes.com.br\/index.php\/wp-json\/wp\/v2\/tags?post=1074"}],"curies":[{"name":"wp","href":"https:\/\/api.w.org\/{rel}","templated":true}]}}