{"id":107357,"date":"2024-04-11T22:32:20","date_gmt":"2024-04-12T01:32:20","guid":{"rendered":"https:\/\/blogdoedvaldomagalhaes.com.br\/?p=107357"},"modified":"2024-04-11T22:32:51","modified_gmt":"2024-04-12T01:32:51","slug":"auloes-de-danca-para-incentivar-saude-e-qualidade-de-vida-aos-sabados-em-caruaru","status":"publish","type":"post","link":"https:\/\/blogdoedvaldomagalhaes.com.br\/index.php\/2024\/04\/11\/auloes-de-danca-para-incentivar-saude-e-qualidade-de-vida-aos-sabados-em-caruaru\/","title":{"rendered":"Aul\u00f5es de dan\u00e7a para incentivar sa\u00fade e qualidade de vida aos s\u00e1bados em Caruaru"},"content":{"rendered":"<p>A Secretaria de Desenvolvimento Social e Direitos Humanos de Caruaru (SDSDH), est\u00e1 realizando dois aul\u00f5es de dan\u00e7a como parte do programa &#8220;Avan\u00e7a Caruaru&#8221;. Os eventos est\u00e3o agendados para os s\u00e1bados, 13 de abril de 2024, no residencial Luiz Bezerra Torres, e 27 de abril de 2024, no residencial Alto do Moura, ambos iniciando \u00e0s 16h.<\/p>\n<p>Os aul\u00f5es, organizados pelo N\u00facleo Esportivo, t\u00eam como objetivo primordial promover a sa\u00fade e o bem-estar dos cidad\u00e3os, enfatizando a import\u00e2ncia da atividade f\u00edsica, do lazer e da alimenta\u00e7\u00e3o saud\u00e1vel. <\/p>\n<p>Os participantes ter\u00e3o coreografias din\u00e2micas, conduzidas pelos professores de dan\u00e7a Alex Silva e Ivete Victoria. Com vasta experi\u00eancia e paix\u00e3o pela arte da dan\u00e7a, os instrutores garantir\u00e3o momentos de divers\u00e3o e movimento para todas as idades e n\u00edveis de habilidade. Foto: Divulga\u00e7\u00e3o<\/p>\n<p>Seja seguidor do Instagram do Blog @blogdoedvaldomagalhaes<\/p>\n","protected":false},"excerpt":{"rendered":"<p>A Secretaria de Desenvolvimento Social e Direitos Humanos de Caruaru (SDSDH), est\u00e1 realizando dois aul\u00f5es de dan\u00e7a como parte do&hellip;<\/p>\n","protected":false},"author":1,"featured_media":107358,"comment_status":"closed","ping_status":"open","sticky":false,"template":"","format":"standard","meta":{"footnotes":""},"categories":[14120],"tags":[30221,29440,2,28801,3406],"class_list":["post-107357","post","type-post","status-publish","format-standard","has-post-thumbnail","hentry","category-noticias","tag-auloes-de-danca-para-incentivar-saude-e-qualidade-de-vida","tag-blog-com-mais-visualizacao","tag-blog-do-edvaldo-magalhaes","tag-blog-mais-acessado","tag-caruaru"],"_links":{"self":[{"href":"https:\/\/blogdoedvaldomagalhaes.com.br\/index.php\/wp-json\/wp\/v2\/posts\/107357","targetHints":{"allow":["GET"]}}],"collection":[{"href":"https:\/\/blogdoedvaldomagalhaes.com.br\/index.php\/wp-json\/wp\/v2\/posts"}],"about":[{"href":"https:\/\/blogdoedvaldomagalhaes.com.br\/index.php\/wp-json\/wp\/v2\/types\/post"}],"author":[{"embeddable":true,"href":"https:\/\/blogdoedvaldomagalhaes.com.br\/index.php\/wp-json\/wp\/v2\/users\/1"}],"replies":[{"embeddable":true,"href":"https:\/\/blogdoedvaldomagalhaes.com.br\/index.php\/wp-json\/wp\/v2\/comments?post=107357"}],"version-history":[{"count":1,"href":"https:\/\/blogdoedvaldomagalhaes.com.br\/index.php\/wp-json\/wp\/v2\/posts\/107357\/revisions"}],"predecessor-version":[{"id":107359,"href":"https:\/\/blogdoedvaldomagalhaes.com.br\/index.php\/wp-json\/wp\/v2\/posts\/107357\/revisions\/107359"}],"wp:featuredmedia":[{"embeddable":true,"href":"https:\/\/blogdoedvaldomagalhaes.com.br\/index.php\/wp-json\/wp\/v2\/media\/107358"}],"wp:attachment":[{"href":"https:\/\/blogdoedvaldomagalhaes.com.br\/index.php\/wp-json\/wp\/v2\/media?parent=107357"}],"wp:term":[{"taxonomy":"category","embeddable":true,"href":"https:\/\/blogdoedvaldomagalhaes.com.br\/index.php\/wp-json\/wp\/v2\/categories?post=107357"},{"taxonomy":"post_tag","embeddable":true,"href":"https:\/\/blogdoedvaldomagalhaes.com.br\/index.php\/wp-json\/wp\/v2\/tags?post=107357"}],"curies":[{"name":"wp","href":"https:\/\/api.w.org\/{rel}","templated":true}]}}