{"id":107355,"date":"2024-04-11T21:29:02","date_gmt":"2024-04-12T00:29:02","guid":{"rendered":"https:\/\/blogdoedvaldomagalhaes.com.br\/?p=107355"},"modified":"2024-04-11T21:29:03","modified_gmt":"2024-04-12T00:29:03","slug":"vereador-irmao-ronaldo-pede-recapeamento-asfaltico-reforma-de-pracas-e-canteiros","status":"publish","type":"post","link":"https:\/\/blogdoedvaldomagalhaes.com.br\/index.php\/2024\/04\/11\/vereador-irmao-ronaldo-pede-recapeamento-asfaltico-reforma-de-pracas-e-canteiros\/","title":{"rendered":"Vereador Irm\u00e3o Ronaldo pede recapeamento asf\u00e1ltico, reforma de pra\u00e7as e canteiros"},"content":{"rendered":"<p class=\"s3\"><span class=\"s6\"><span class=\"bumpedFont15\">PROJETOS DE LEI E <\/span><\/span><span class=\"s6\"><span class=\"bumpedFont15\">REQUERIMENTOS SOLICITADOS DE AUTORIA DO VEREADOR IRM\u00c3O RONALDO <\/span><\/span><\/p>\n<p class=\"s3\"><span class=\"s7\"><span class=\"bumpedFont15\">Reiterando requerimento 1067\/2023 para que viabilize a pintura de faixas de pedestres e instala\u00e7\u00e3o de placas de sinaliza\u00e7\u00e3o na Rua Duque de Caxias, em frente ao Memorial da Cidade de Caruaru (antigo Mercado de Farinha).<\/span><\/span><\/p>\n<p class=\"s3\"><span class=\"s7\"><span class=\"bumpedFont15\">Reiterando requerimento 1069\/2023 para que se viabilize a Reforma e Requalifica\u00e7\u00e3o da Pra\u00e7a que fica localizada na Avenida Amazonas, atr\u00e1s do condom\u00ednio <\/span><\/span><span class=\"s7\"><span class=\"bumpedFont15\">Acqua<\/span><\/span><span class=\"s7\"><span class=\"bumpedFont15\"> Home Club, bairro Universit\u00e1rio.<\/span><\/span><\/p>\n<p class=\"s3\"><span class=\"s7\"><span class=\"bumpedFont15\">Reiterando requerimento 1095\/2023 Para que envidem esfor\u00e7os para fazer o Recapeamento do asfalto nas ruas S\u00e3o Nicolau de Mira e Rua Jo\u00e3o Francisco Lisboa, bairro Jo\u00e3o Mota.<\/span><\/span><\/p>\n<p class=\"s3\"><span class=\"s7\"><span class=\"bumpedFont15\">Reiterando requerimento 1116\/2023 para que viabilize a constru\u00e7\u00e3o de uma pracinha na entrada da Vila da <\/span><\/span><span class=\"s7\"><span class=\"bumpedFont15\">Portelinha<\/span><\/span><span class=\"s7\"><span class=\"bumpedFont15\">, no Bairro Santa Rosa.<\/span><\/span><\/p>\n<p class=\"s3\"><span class=\"s7\"><span class=\"bumpedFont15\">Reiterando requerimento 1117\/2023 para que se Viabilize a Reforma e Requalifica\u00e7\u00e3o dos canteiros que dividem as Avenidas: Bel\u00e9m do S\u00e3o Francisco e Jo\u00e3o Soares de Lira, ambas localizadas no <\/span><\/span><span class=\"s7\"><span class=\"bumpedFont15\">Jardim Boa Vista<\/span><\/span><span class=\"s7\"><span class=\"bumpedFont15\">.<\/span><\/span><\/p>\n<p class=\"s3\"><span class=\"s7\"><span class=\"bumpedFont15\">Reiterando requerimento 1159\/2023 para que se Viabilize a Reforma e Requalifica\u00e7\u00e3o da Pracinha que \u00e9 um ponto de \u00f4nibus em frente \u00e0 pra\u00e7a da quadra de areia na Avenida Caruaru.<\/span><\/span><\/p>\n<p class=\"s3\"><span class=\"s7\"><span class=\"bumpedFont15\">Reiterando requerimento 1160\/2023 para que se Viabilize a Reforma e Requalifica\u00e7\u00e3o da pra\u00e7a que fica localizada no cruzamento entre a Avenida da Rep\u00fablica e a Avenida Rui Barbosa, bairro <\/span><\/span><span class=\"s7\"><span class=\"bumpedFont15\">Divin\u00f3polis.<\/span><\/span><\/p>\n<p>Foto: Divulga\u00e7\u00e3o<\/p>\n<p>Seja seguidor do Instagram do Blog @blogdoedvaldomagalhaes<\/p>\n","protected":false},"excerpt":{"rendered":"<p>PROJETOS DE LEI E REQUERIMENTOS SOLICITADOS DE AUTORIA DO VEREADOR IRM\u00c3O RONALDO Reiterando requerimento 1067\/2023 para que viabilize a pintura&hellip;<\/p>\n","protected":false},"author":1,"featured_media":106810,"comment_status":"closed","ping_status":"open","sticky":false,"template":"","format":"standard","meta":{"footnotes":""},"categories":[14122],"tags":[29440,2,28801,3406,20295,30220],"class_list":["post-107355","post","type-post","status-publish","format-standard","has-post-thumbnail","hentry","category-politica","tag-blog-com-mais-visualizacao","tag-blog-do-edvaldo-magalhaes","tag-blog-mais-acessado","tag-caruaru","tag-politica-2","tag-vereador-irmao-ronaldo-pede-reforma-de-pracas-e-canteiros-recapeamento-asfaltico"],"_links":{"self":[{"href":"https:\/\/blogdoedvaldomagalhaes.com.br\/index.php\/wp-json\/wp\/v2\/posts\/107355","targetHints":{"allow":["GET"]}}],"collection":[{"href":"https:\/\/blogdoedvaldomagalhaes.com.br\/index.php\/wp-json\/wp\/v2\/posts"}],"about":[{"href":"https:\/\/blogdoedvaldomagalhaes.com.br\/index.php\/wp-json\/wp\/v2\/types\/post"}],"author":[{"embeddable":true,"href":"https:\/\/blogdoedvaldomagalhaes.com.br\/index.php\/wp-json\/wp\/v2\/users\/1"}],"replies":[{"embeddable":true,"href":"https:\/\/blogdoedvaldomagalhaes.com.br\/index.php\/wp-json\/wp\/v2\/comments?post=107355"}],"version-history":[{"count":1,"href":"https:\/\/blogdoedvaldomagalhaes.com.br\/index.php\/wp-json\/wp\/v2\/posts\/107355\/revisions"}],"predecessor-version":[{"id":107356,"href":"https:\/\/blogdoedvaldomagalhaes.com.br\/index.php\/wp-json\/wp\/v2\/posts\/107355\/revisions\/107356"}],"wp:featuredmedia":[{"embeddable":true,"href":"https:\/\/blogdoedvaldomagalhaes.com.br\/index.php\/wp-json\/wp\/v2\/media\/106810"}],"wp:attachment":[{"href":"https:\/\/blogdoedvaldomagalhaes.com.br\/index.php\/wp-json\/wp\/v2\/media?parent=107355"}],"wp:term":[{"taxonomy":"category","embeddable":true,"href":"https:\/\/blogdoedvaldomagalhaes.com.br\/index.php\/wp-json\/wp\/v2\/categories?post=107355"},{"taxonomy":"post_tag","embeddable":true,"href":"https:\/\/blogdoedvaldomagalhaes.com.br\/index.php\/wp-json\/wp\/v2\/tags?post=107355"}],"curies":[{"name":"wp","href":"https:\/\/api.w.org\/{rel}","templated":true}]}}