{"id":107338,"date":"2024-04-11T19:47:36","date_gmt":"2024-04-11T22:47:36","guid":{"rendered":"https:\/\/blogdoedvaldomagalhaes.com.br\/?p=107338"},"modified":"2024-04-11T22:37:05","modified_gmt":"2024-04-12T01:37:05","slug":"padre-de-pernambuco-e-preso-com-armas-e-municoes-na-paraiba","status":"publish","type":"post","link":"https:\/\/blogdoedvaldomagalhaes.com.br\/index.php\/2024\/04\/11\/padre-de-pernambuco-e-preso-com-armas-e-municoes-na-paraiba\/","title":{"rendered":"Padre de Pernambuco \u00e9 preso com armas e muni\u00e7\u00f5es na Para\u00edba"},"content":{"rendered":"<p>O Padre Diozene Francisco da Par\u00f3quia S\u00e3o Jos\u00e9, em Ch\u00e3 Grande, em Pernambuco, e foi detido no final da manh\u00e3 desta quinta-feira em uma blitz no bairro Ligeiro, na sa\u00edda de Campina Grande para Queimadas, na Para\u00edba. As equipes policiais verificaram que o QRCode da placa do ve\u00edculo conduzido estava coberto por uma fita. <span style=\"font-size:revert;\">O sargento Wellington, da Pol\u00edcia Militar, informou que a a\u00e7\u00e3o levantou suspeitas e ap\u00f3s uma abordagem minuciosa, foram encontrados um rev\u00f3lver, uma pistola, 19 muni\u00e7\u00f5es de pistola calibre 40 e tr\u00eas muni\u00e7\u00f5es de calibre 38, al\u00e9m de c\u00e1psulas deflagradas. A PM <\/span><span style=\"font-size:revert;\">tamb\u00e9m apreendeu gravadores e uma c\u00e2mera. N\u00e3o h\u00e1 informa\u00e7\u00f5es sobre o conte\u00fado nos gravadores e na c\u00e2mera.<\/span><\/p>\n<p>A defesa do padre afirmou que ele \u00e9 um homem \u00edntegro, sem passagens pela pol\u00edcia e que as armas pertenciam a um conhecido dele, que tem porte, e que acabou deixando o material no carro do padre. <span style=\"font-size:revert;\">O padre foi encaminhado para a Central de Pol\u00edcia de Campina Grande, onde permanece preso. O padre \u00e9 membro da <strong>Diocese de Caruaru<\/strong>, e a <strong>Secretaria de C\u00faria<\/strong> da diocese confirmou que est\u00e1 ciente da pris\u00e3o, mas ainda n\u00e3o se pronunciou sobre se tomar\u00e1 medidas contra o religioso. O caso est\u00e1 sendo investigado pela Pol\u00edcia Militar da Para\u00edba.<\/span><\/p>\n<p>NOTA DA DIOCESE DE CARUARU<br \/>\nSobre a pris\u00e3o do Padre Diozene Francisco<\/p>\n<p>Caruaru-PE, 11 de abril de 2024.<\/p>\n<p>\u00c9 com tristeza que a Diocese de Caruaru se pronuncia sobre o recente fato envolvendo o Padre Diozene Francisco, que foi detido pelas autoridades na cidade de Campina Grande-PB. Como n\u00e3o h\u00e1 registros anteriores de comportamento inadequado ou ilegal por parte do Padre, a Diocese est\u00e1 acompanhando de perto o desenrolar do caso e confiando na justi\u00e7a para esclarecer o ocorrido. Cumpre ressaltar que o padre est\u00e1 sendo acompanhado por advogados pr\u00f3ximos a ele, os quais est\u00e3o prestando todo o suporte necess\u00e1rio. Ap\u00f3s os devidos esclarecimentos legais, a Diocese tomar\u00e1 as medidas necess\u00e1rias do ponto de vista can\u00f4nico.<\/p>\n<p>Dom Jos\u00e9 Ruy Gon\u00e7alves Lopes,<br \/>\nBispo Diocesano de Caruaru.<\/p>\n<p><span style=\"font-size:revert;\"><img loading=\"lazy\" decoding=\"async\" class=\"size-full wp-image-107343\" src=\"https:\/\/blogdoedvaldomagalhaes.com.br\/wp-content\/uploads\/2024\/04\/img_5483-1.jpg\" width=\"1102\" height=\"766\" srcset=\"https:\/\/blogdoedvaldomagalhaes.com.br\/wp-content\/uploads\/2024\/04\/img_5483-1.jpg 1102w, https:\/\/blogdoedvaldomagalhaes.com.br\/wp-content\/uploads\/2024\/04\/img_5483-1-300x209.jpg 300w, https:\/\/blogdoedvaldomagalhaes.com.br\/wp-content\/uploads\/2024\/04\/img_5483-1-1024x712.jpg 1024w, https:\/\/blogdoedvaldomagalhaes.com.br\/wp-content\/uploads\/2024\/04\/img_5483-1-768x534.jpg 768w\" sizes=\"auto, (max-width: 1102px) 100vw, 1102px\" \/><\/span><\/p>\n<p><span style=\"font-size:revert;\">Fotos: <\/span>Reprodu\u00e7\u00e3o<\/p>\n<div class=\"blogd-banner-canal-telegram\" id=\"blogd-1177983856\">\n<\/div>\n","protected":false},"excerpt":{"rendered":"<p>O Padre Diozene Francisco da Par\u00f3quia S\u00e3o Jos\u00e9, em Ch\u00e3 Grande, em Pernambuco, e foi detido no final da manh\u00e3&hellip;<\/p>\n","protected":false},"author":1,"featured_media":107340,"comment_status":"closed","ping_status":"open","sticky":false,"template":"","format":"standard","meta":{"footnotes":""},"categories":[14121],"tags":[29440,2,28801,3406,30219],"class_list":["post-107338","post","type-post","status-publish","format-standard","has-post-thumbnail","hentry","category-policial","tag-blog-com-mais-visualizacao","tag-blog-do-edvaldo-magalhaes","tag-blog-mais-acessado","tag-caruaru","tag-padre-de-pernambuco-e-preso-com-armas-e-municoes-na-paraiba"],"_links":{"self":[{"href":"https:\/\/blogdoedvaldomagalhaes.com.br\/index.php\/wp-json\/wp\/v2\/posts\/107338","targetHints":{"allow":["GET"]}}],"collection":[{"href":"https:\/\/blogdoedvaldomagalhaes.com.br\/index.php\/wp-json\/wp\/v2\/posts"}],"about":[{"href":"https:\/\/blogdoedvaldomagalhaes.com.br\/index.php\/wp-json\/wp\/v2\/types\/post"}],"author":[{"embeddable":true,"href":"https:\/\/blogdoedvaldomagalhaes.com.br\/index.php\/wp-json\/wp\/v2\/users\/1"}],"replies":[{"embeddable":true,"href":"https:\/\/blogdoedvaldomagalhaes.com.br\/index.php\/wp-json\/wp\/v2\/comments?post=107338"}],"version-history":[{"count":11,"href":"https:\/\/blogdoedvaldomagalhaes.com.br\/index.php\/wp-json\/wp\/v2\/posts\/107338\/revisions"}],"predecessor-version":[{"id":107360,"href":"https:\/\/blogdoedvaldomagalhaes.com.br\/index.php\/wp-json\/wp\/v2\/posts\/107338\/revisions\/107360"}],"wp:featuredmedia":[{"embeddable":true,"href":"https:\/\/blogdoedvaldomagalhaes.com.br\/index.php\/wp-json\/wp\/v2\/media\/107340"}],"wp:attachment":[{"href":"https:\/\/blogdoedvaldomagalhaes.com.br\/index.php\/wp-json\/wp\/v2\/media?parent=107338"}],"wp:term":[{"taxonomy":"category","embeddable":true,"href":"https:\/\/blogdoedvaldomagalhaes.com.br\/index.php\/wp-json\/wp\/v2\/categories?post=107338"},{"taxonomy":"post_tag","embeddable":true,"href":"https:\/\/blogdoedvaldomagalhaes.com.br\/index.php\/wp-json\/wp\/v2\/tags?post=107338"}],"curies":[{"name":"wp","href":"https:\/\/api.w.org\/{rel}","templated":true}]}}